{"id":28894,"date":"2024-10-15T21:11:15","date_gmt":"2024-10-16T00:11:15","guid":{"rendered":"https:\/\/radiostudiow.com.br\/site\/?p=28894"},"modified":"2025-01-31T14:58:20","modified_gmt":"2025-01-31T17:58:20","slug":"acidente-inusitado-deixa-um-homem-ferido-no-centro-de-mallet","status":"publish","type":"post","link":"https:\/\/radiostudiow.com.br\/site\/2024\/10\/15\/acidente-inusitado-deixa-um-homem-ferido-no-centro-de-mallet\/","title":{"rendered":"Acidente inusitado deixa um homem ferido no centro de Mallet"},"content":{"rendered":"\n<p>Na tarde desta segunda-feira, 14 de outubro, por volta das 13h30, um acidente inusitado ocorreu na Avenida Jo\u00e3o Pessoa, \u00e1rea central da cidade de Mallet, deixando um homem ferido.<\/p>\n\n\n\n<p>De acordo com a v\u00edtima, ele estava descarregando produtos em uma loja situado na Avenida, quando foi atingido por uma barra de ferro utilizada em constru\u00e7\u00f5es.<\/p>\n\n\n\n<figure class=\"wp-block-image size-full\"><img decoding=\"async\" src=\"https:\/\/radiostudiow.com.br\/site\/wp-content\/uploads\/2024\/04\/image-47.png\" alt=\"\" class=\"wp-image-21404\"\/><\/figure>\n\n\n\n<p>A barra, que estava amarrada de forma imprudente a um ve\u00edculo em movimento, foi arrastada pelo ch\u00e3o e acabou atingindo o calcanhar e o tornozelo do trabalhador, causando cortes e derrubando-o.<\/p>\n\n\n\n<p>A pr\u00f3pria v\u00edtima contou a nossa reportagem que n\u00e3o foi poss\u00edvel visualizar na hora quem teria ocasionado o acidente.<br><em><strong>&#8220;O motorista n\u00e3o parou para prestar socorro, e eu s\u00f3 consegui ver que era um ve\u00edculo Volkswagen\/Saveiro de cor escura. Foi como se eu tivesse levado uma chicotada. Imagine se fosse uma crian\u00e7a ou um idoso, o acidente poderia ter sido bem maior&#8221;, comentou a v\u00edtima \u00e0 reportagem da Studio W.<\/strong><\/em><\/p>\n\n\n\n<figure class=\"wp-block-image size-large\"><img decoding=\"async\" src=\"https:\/\/radiostudiow.com.br\/site\/wp-content\/uploads\/2024\/10\/zm_0002_24AG_anuncio_261x83mm-1024x359.png\" alt=\"\" class=\"wp-image-28224\"\/><\/figure>\n\n\n\n<p>A barra de ferro tamb\u00e9m chegou a atingir o canteiro de flores que divide as duas pistas da avenida, causando danos ao local.<\/p>\n\n\n\n<p>A Pol\u00edcia Militar foi acionada e registrou um boletim de ocorr\u00eancia.<\/p>\n\n\n\n<p>O motorista respons\u00e1vel foi identificado e reconhecido atrav\u00e9s das imagens de c\u00e2meras de seguran\u00e7a que identificaram o autor do acidente.<\/p>\n\n\n\n<figure class=\"wp-block-gallery has-nested-images columns-default is-cropped wp-block-gallery-1 is-layout-flex wp-block-gallery-is-layout-flex\">\n<figure class=\"wp-block-image size-large\"><img loading=\"lazy\" decoding=\"async\" width=\"768\" height=\"1024\" data-id=\"28897\" src=\"https:\/\/radiostudiow.com.br\/site\/wp-content\/uploads\/2024\/10\/03-1-768x1024.png\" alt=\"\" class=\"wp-image-28897\" srcset=\"https:\/\/radiostudiow.com.br\/site\/wp-content\/uploads\/2024\/10\/03-1-768x1024.png 768w, https:\/\/radiostudiow.com.br\/site\/wp-content\/uploads\/2024\/10\/03-1-225x300.png 225w, https:\/\/radiostudiow.com.br\/site\/wp-content\/uploads\/2024\/10\/03-1-1152x1536.png 1152w, https:\/\/radiostudiow.com.br\/site\/wp-content\/uploads\/2024\/10\/03-1.png 1200w\" sizes=\"auto, (max-width: 768px) 100vw, 768px\" \/><\/figure>\n\n\n\n<figure class=\"wp-block-image size-large\"><img loading=\"lazy\" decoding=\"async\" width=\"768\" height=\"1024\" data-id=\"28899\" src=\"https:\/\/radiostudiow.com.br\/site\/wp-content\/uploads\/2024\/10\/04-768x1024.jpeg\" alt=\"\" class=\"wp-image-28899\" srcset=\"https:\/\/radiostudiow.com.br\/site\/wp-content\/uploads\/2024\/10\/04-768x1024.jpeg 768w, https:\/\/radiostudiow.com.br\/site\/wp-content\/uploads\/2024\/10\/04-225x300.jpeg 225w, https:\/\/radiostudiow.com.br\/site\/wp-content\/uploads\/2024\/10\/04-1152x1536.jpeg 1152w, https:\/\/radiostudiow.com.br\/site\/wp-content\/uploads\/2024\/10\/04.jpeg 1200w\" sizes=\"auto, (max-width: 768px) 100vw, 768px\" \/><\/figure>\n\n\n\n<figure class=\"wp-block-image size-large\"><img loading=\"lazy\" decoding=\"async\" width=\"1024\" height=\"768\" data-id=\"28898\" src=\"https:\/\/radiostudiow.com.br\/site\/wp-content\/uploads\/2024\/10\/05-2-1024x768.jpeg\" alt=\"\" class=\"wp-image-28898\" srcset=\"https:\/\/radiostudiow.com.br\/site\/wp-content\/uploads\/2024\/10\/05-2-1024x768.jpeg 1024w, https:\/\/radiostudiow.com.br\/site\/wp-content\/uploads\/2024\/10\/05-2-300x225.jpeg 300w, https:\/\/radiostudiow.com.br\/site\/wp-content\/uploads\/2024\/10\/05-2-768x576.jpeg 768w, https:\/\/radiostudiow.com.br\/site\/wp-content\/uploads\/2024\/10\/05-2-1536x1152.jpeg 1536w, https:\/\/radiostudiow.com.br\/site\/wp-content\/uploads\/2024\/10\/05-2.jpeg 1600w\" sizes=\"auto, (max-width: 1024px) 100vw, 1024px\" \/><\/figure>\n<\/figure>\n","protected":false},"excerpt":{"rendered":"<p>Na tarde desta segunda-feira, 14 de outubro, por volta das 13h30, um acidente inusitado ocorreu na Avenida Jo\u00e3o Pessoa, \u00e1rea central da cidade de Mallet, deixando um homem ferido. De acordo com a v\u00edtima, ele estava descarregando produtos em uma loja situado na Avenida, quando foi atingido por uma barra de ferro utilizada em constru\u00e7\u00f5es. [&hellip;]<\/p>\n","protected":false},"author":2,"featured_media":28899,"comment_status":"open","ping_status":"open","sticky":false,"template":"","format":"standard","meta":{"footnotes":""},"categories":[185],"tags":[172],"class_list":["post-28894","post","type-post","status-publish","format-standard","has-post-thumbnail","hentry","category-regional","tag-featured"],"amp_enabled":true,"_links":{"self":[{"href":"https:\/\/radiostudiow.com.br\/site\/wp-json\/wp\/v2\/posts\/28894","targetHints":{"allow":["GET"]}}],"collection":[{"href":"https:\/\/radiostudiow.com.br\/site\/wp-json\/wp\/v2\/posts"}],"about":[{"href":"https:\/\/radiostudiow.com.br\/site\/wp-json\/wp\/v2\/types\/post"}],"author":[{"embeddable":true,"href":"https:\/\/radiostudiow.com.br\/site\/wp-json\/wp\/v2\/users\/2"}],"replies":[{"embeddable":true,"href":"https:\/\/radiostudiow.com.br\/site\/wp-json\/wp\/v2\/comments?post=28894"}],"version-history":[{"count":2,"href":"https:\/\/radiostudiow.com.br\/site\/wp-json\/wp\/v2\/posts\/28894\/revisions"}],"predecessor-version":[{"id":28908,"href":"https:\/\/radiostudiow.com.br\/site\/wp-json\/wp\/v2\/posts\/28894\/revisions\/28908"}],"wp:featuredmedia":[{"embeddable":true,"href":"https:\/\/radiostudiow.com.br\/site\/wp-json\/wp\/v2\/media\/28899"}],"wp:attachment":[{"href":"https:\/\/radiostudiow.com.br\/site\/wp-json\/wp\/v2\/media?parent=28894"}],"wp:term":[{"taxonomy":"category","embeddable":true,"href":"https:\/\/radiostudiow.com.br\/site\/wp-json\/wp\/v2\/categories?post=28894"},{"taxonomy":"post_tag","embeddable":true,"href":"https:\/\/radiostudiow.com.br\/site\/wp-json\/wp\/v2\/tags?post=28894"}],"curies":[{"name":"wp","href":"https:\/\/api.w.org\/{rel}","templated":true}]}}