{"id":28914,"date":"2024-10-17T09:12:48","date_gmt":"2024-10-17T12:12:48","guid":{"rendered":"https:\/\/radiostudiow.com.br\/site\/?p=28914"},"modified":"2025-01-31T14:58:20","modified_gmt":"2025-01-31T17:58:20","slug":"horario-de-verao-nao-sera-retomado-em-2024-decide-governo","status":"publish","type":"post","link":"https:\/\/radiostudiow.com.br\/site\/2024\/10\/17\/horario-de-verao-nao-sera-retomado-em-2024-decide-governo\/","title":{"rendered":"Hor\u00e1rio de Ver\u00e3o n\u00e3o ser\u00e1 retomado em 2024, decide governo"},"content":{"rendered":"\n<p>Depois de semanas considerando a possibilidade de retomar o hor\u00e1rio de ver\u00e3o, o governo decidiu n\u00e3o adotar a medida em 2024. De acordo com o ministro de Minas e Energia, Alexandre Silveira, o ajuste de uma hora nos rel\u00f3gios n\u00e3o ser\u00e1 \u201cimprescind\u00edvel\u201d para garantir o abastecimento de energia durante um dos per\u00edodos mais secos do pa\u00eds. Ele mencionou que a reintrodu\u00e7\u00e3o da medida ser\u00e1 reavaliada para 2025.<\/p>\n\n\n\n<figure class=\"wp-block-image size-large\"><img decoding=\"async\" src=\"https:\/\/radiostudiow.com.br\/site\/wp-content\/uploads\/2024\/10\/zm_0002_24AG_anuncio_261x83mm-1024x359.png\" alt=\"\" class=\"wp-image-28224\"\/><\/figure>\n\n\n\n<p><em><strong>\u201cConclu\u00edmos hoje que n\u00e3o \u00e9 necess\u00e1rio implementar o hor\u00e1rio de ver\u00e3o neste per\u00edodo. Temos a seguran\u00e7a energ\u00e9tica garantida, ainda que modesta, com a recupera\u00e7\u00e3o das condi\u00e7\u00f5es h\u00eddricas. Depois do ver\u00e3o, poderemos reavaliar essa pol\u00edtica para o ano de 2025\u201d, declarou o ministro nesta ter\u00e7a-feira.<\/strong><\/em><\/p>\n\n\n\n<p>Silveira enfatizou que a decis\u00e3o foi baseada em crit\u00e9rios t\u00e9cnicos, n\u00e3o pol\u00edticos, e que n\u00e3o haver\u00e1 problemas na gera\u00e7\u00e3o e no fornecimento de energia.<\/p>\n\n\n\n<p>O hor\u00e1rio de ver\u00e3o est\u00e1 suspenso desde 2019, ap\u00f3s estudos do Minist\u00e9rio de Minas e Energia apontarem que a medida n\u00e3o resultava em economia significativa de energia. A an\u00e1lise indicou que os consumidores passaram a utilizar mais ar-condicionado, ventiladores e ilumina\u00e7\u00e3o devido ao prolongamento do per\u00edodo de luz natural, o que, em alguns casos, at\u00e9 aumentou o consumo de energia.<\/p>\n\n\n\n<p>No entanto, em setembro deste ano, o Operador Nacional do Sistema El\u00e9trico (ONS) apresentou um estudo mostrando que, em cen\u00e1rios de aflu\u00eancias cr\u00edticas, como o atual, o hor\u00e1rio de ver\u00e3o poderia reduzir a demanda m\u00e1xima em at\u00e9 2,9%. Segundo a pesquisa, essa redu\u00e7\u00e3o poderia gerar uma economia operacional de aproximadamente R$ 400 milh\u00f5es entre os meses de outubro e fevereiro.<\/p>\n\n\n\n<figure class=\"wp-block-image size-full\"><img loading=\"lazy\" decoding=\"async\" width=\"900\" height=\"408\" src=\"https:\/\/radiostudiow.com.br\/site\/wp-content\/uploads\/2024\/09\/image-64-1.png\" alt=\"\" class=\"wp-image-28207\" srcset=\"https:\/\/radiostudiow.com.br\/site\/wp-content\/uploads\/2024\/09\/image-64-1.png 900w, https:\/\/radiostudiow.com.br\/site\/wp-content\/uploads\/2024\/09\/image-64-1-300x136.png 300w, https:\/\/radiostudiow.com.br\/site\/wp-content\/uploads\/2024\/09\/image-64-1-768x348.png 768w\" sizes=\"auto, (max-width: 900px) 100vw, 900px\" \/><\/figure>\n\n\n\n<p>Antes da divulga\u00e7\u00e3o do estudo do ONS, o ministro Silveira j\u00e1 havia sinalizado a possibilidade de retomar o hor\u00e1rio de ver\u00e3o. Contudo, ap\u00f3s analisar os dados apresentados, afirmou que n\u00e3o estava \u201cconvencido\u201d de que a medida seria essencial.<\/p>\n\n\n\n<p>Al\u00e9m da discuss\u00e3o sobre o hor\u00e1rio de ver\u00e3o, Silveira destacou que o governo est\u00e1 avaliando outras alternativas para melhorar a gera\u00e7\u00e3o de energia durante o ver\u00e3o, como aumentar a capacidade de linhas de transmiss\u00e3o, adaptar a linha de Itaipu e utilizar mais \u00e1gua em hor\u00e1rios espec\u00edficos da Usina Hidrel\u00e9trica de Belo Monte.<\/p>\n","protected":false},"excerpt":{"rendered":"<p>Depois de semanas considerando a possibilidade de retomar o hor\u00e1rio de ver\u00e3o, o governo decidiu n\u00e3o adotar a medida em 2024. De acordo com o ministro de Minas e Energia, Alexandre Silveira, o ajuste de uma hora nos rel\u00f3gios n\u00e3o ser\u00e1 \u201cimprescind\u00edvel\u201d para garantir o abastecimento de energia durante um dos per\u00edodos mais secos do [&hellip;]<\/p>\n","protected":false},"author":2,"featured_media":28952,"comment_status":"open","ping_status":"open","sticky":false,"template":"","format":"standard","meta":{"footnotes":""},"categories":[7],"tags":[172],"class_list":["post-28914","post","type-post","status-publish","format-standard","has-post-thumbnail","hentry","category-geral","tag-featured"],"amp_enabled":true,"_links":{"self":[{"href":"https:\/\/radiostudiow.com.br\/site\/wp-json\/wp\/v2\/posts\/28914","targetHints":{"allow":["GET"]}}],"collection":[{"href":"https:\/\/radiostudiow.com.br\/site\/wp-json\/wp\/v2\/posts"}],"about":[{"href":"https:\/\/radiostudiow.com.br\/site\/wp-json\/wp\/v2\/types\/post"}],"author":[{"embeddable":true,"href":"https:\/\/radiostudiow.com.br\/site\/wp-json\/wp\/v2\/users\/2"}],"replies":[{"embeddable":true,"href":"https:\/\/radiostudiow.com.br\/site\/wp-json\/wp\/v2\/comments?post=28914"}],"version-history":[{"count":2,"href":"https:\/\/radiostudiow.com.br\/site\/wp-json\/wp\/v2\/posts\/28914\/revisions"}],"predecessor-version":[{"id":28953,"href":"https:\/\/radiostudiow.com.br\/site\/wp-json\/wp\/v2\/posts\/28914\/revisions\/28953"}],"wp:featuredmedia":[{"embeddable":true,"href":"https:\/\/radiostudiow.com.br\/site\/wp-json\/wp\/v2\/media\/28952"}],"wp:attachment":[{"href":"https:\/\/radiostudiow.com.br\/site\/wp-json\/wp\/v2\/media?parent=28914"}],"wp:term":[{"taxonomy":"category","embeddable":true,"href":"https:\/\/radiostudiow.com.br\/site\/wp-json\/wp\/v2\/categories?post=28914"},{"taxonomy":"post_tag","embeddable":true,"href":"https:\/\/radiostudiow.com.br\/site\/wp-json\/wp\/v2\/tags?post=28914"}],"curies":[{"name":"wp","href":"https:\/\/api.w.org\/{rel}","templated":true}]}}