{"id":28927,"date":"2024-10-16T18:27:14","date_gmt":"2024-10-16T21:27:14","guid":{"rendered":"https:\/\/radiostudiow.com.br\/site\/?p=28927"},"modified":"2025-01-31T14:58:20","modified_gmt":"2025-01-31T17:58:20","slug":"estabelecimento-e-alvo-de-furto-em-plena-luz-do-dia-em-sao-mateus-do-sul","status":"publish","type":"post","link":"https:\/\/radiostudiow.com.br\/site\/2024\/10\/16\/estabelecimento-e-alvo-de-furto-em-plena-luz-do-dia-em-sao-mateus-do-sul\/","title":{"rendered":"Estabelecimento \u00e9 alvo de furto em plena luz do dia em S\u00e3o Mateus do Sul"},"content":{"rendered":"\n<p>V\u00eddeo mostra o momento em que uma caixinha de som \u00e9 furtada de estabelecimento na Rua Ulisses Faria em S\u00e3o Mateus do Sul, por volta das 07:30 horas dessa quarta-feira (16).<\/p>\n\n\n\n<div class=\"wp-block-media-text is-stacked-on-mobile\" style=\"grid-template-columns:42% auto\"><figure class=\"wp-block-media-text__media\"><img decoding=\"async\" src=\"https:\/\/radiostudiow.com.br\/site\/wp-content\/uploads\/2024\/10\/image-19-1024x1024.png\" alt=\"\" class=\"wp-image-28623 size-full\"\/><\/figure><div class=\"wp-block-media-text__content\">\n<p>AFUBRA IRATI:<br>\ud83d\udccd Rua Coronel Emilio Gomes, 399, Centro &#8211; Irati &#8211; PR<br>\ud83d\udcde(42) 3421-1700<\/p>\n\n\n\n<p>AFUBRA IMBITUVA:<br>\ud83d\udccd RUA Jacobe Brener, 830 &#8211; Centro, Imbituva &#8211; PR<br>\ud83d\udcde(42) 3436-84003<\/p>\n<\/div><\/div>\n\n\n\n<p>Pelas imagens da c\u00e2mera de monitoramento, \u00e9 poss\u00edvel observar o momento em que um funcion\u00e1rio da empresa chega e abre a janela. Em seguida, ele vai at\u00e9 os fundos para levar uma lancheira, e em poucos segundos, o respons\u00e1vel pelo furto vem da rua e leva a caixinha de som.<\/p>\n\n\n\n<p>O funcion\u00e1rio s\u00f3 percebeu o furto da caixinha quando ligou o computador para us\u00e1-la. Ao verificar as c\u00e2meras de seguran\u00e7a, ele identificou o momento do furto. O v\u00eddeo serve como alerta para comerciantes da regi\u00e3o.<\/p>\n\n\n\n<p><em>Fonte: RDX<\/em><\/p>\n","protected":false},"excerpt":{"rendered":"<p>V\u00eddeo mostra o momento em que uma caixinha de som \u00e9 furtada de estabelecimento na Rua Ulisses Faria em S\u00e3o Mateus do Sul, por volta das 07:30 horas dessa quarta-feira (16). AFUBRA IRATI:\ud83d\udccd Rua Coronel Emilio Gomes, 399, Centro &#8211; Irati &#8211; PR\ud83d\udcde(42) 3421-1700 AFUBRA IMBITUVA:\ud83d\udccd RUA Jacobe Brener, 830 &#8211; Centro, Imbituva &#8211; PR\ud83d\udcde(42) [&hellip;]<\/p>\n","protected":false},"author":2,"featured_media":28928,"comment_status":"open","ping_status":"open","sticky":false,"template":"","format":"standard","meta":{"footnotes":""},"categories":[2],"tags":[172],"class_list":["post-28927","post","type-post","status-publish","format-standard","has-post-thumbnail","hentry","category-policial","tag-featured"],"amp_enabled":true,"_links":{"self":[{"href":"https:\/\/radiostudiow.com.br\/site\/wp-json\/wp\/v2\/posts\/28927","targetHints":{"allow":["GET"]}}],"collection":[{"href":"https:\/\/radiostudiow.com.br\/site\/wp-json\/wp\/v2\/posts"}],"about":[{"href":"https:\/\/radiostudiow.com.br\/site\/wp-json\/wp\/v2\/types\/post"}],"author":[{"embeddable":true,"href":"https:\/\/radiostudiow.com.br\/site\/wp-json\/wp\/v2\/users\/2"}],"replies":[{"embeddable":true,"href":"https:\/\/radiostudiow.com.br\/site\/wp-json\/wp\/v2\/comments?post=28927"}],"version-history":[{"count":1,"href":"https:\/\/radiostudiow.com.br\/site\/wp-json\/wp\/v2\/posts\/28927\/revisions"}],"predecessor-version":[{"id":28929,"href":"https:\/\/radiostudiow.com.br\/site\/wp-json\/wp\/v2\/posts\/28927\/revisions\/28929"}],"wp:featuredmedia":[{"embeddable":true,"href":"https:\/\/radiostudiow.com.br\/site\/wp-json\/wp\/v2\/media\/28928"}],"wp:attachment":[{"href":"https:\/\/radiostudiow.com.br\/site\/wp-json\/wp\/v2\/media?parent=28927"}],"wp:term":[{"taxonomy":"category","embeddable":true,"href":"https:\/\/radiostudiow.com.br\/site\/wp-json\/wp\/v2\/categories?post=28927"},{"taxonomy":"post_tag","embeddable":true,"href":"https:\/\/radiostudiow.com.br\/site\/wp-json\/wp\/v2\/tags?post=28927"}],"curies":[{"name":"wp","href":"https:\/\/api.w.org\/{rel}","templated":true}]}}