{"id":28930,"date":"2024-10-16T18:47:54","date_gmt":"2024-10-16T21:47:54","guid":{"rendered":"https:\/\/radiostudiow.com.br\/site\/?p=28930"},"modified":"2025-01-31T14:58:20","modified_gmt":"2025-01-31T17:58:20","slug":"padrasto-e-condenado-a-mais-de-37-anos-de-prisao-por-abusar-da-enteada","status":"publish","type":"post","link":"https:\/\/radiostudiow.com.br\/site\/2024\/10\/16\/padrasto-e-condenado-a-mais-de-37-anos-de-prisao-por-abusar-da-enteada\/","title":{"rendered":"Padrasto \u00e9 condenado a mais de 37 anos de pris\u00e3o por abusar da enteada"},"content":{"rendered":"\n<p>Entre os meses de janeiro e outubro de 2020, uma menina de nove anos sofreu abusos sexuais em Fraiburgo. Naquele per\u00edodo, ela foi obrigada a satisfazer a lasc\u00edvia do padrasto sem poder contar nada a ningu\u00e9m.<\/p>\n\n\n\n<p>O processo corre em segredo de justi\u00e7a, mas a den\u00fancia do Minist\u00e9rio P\u00fablico de Santa Catarina (MPSC) revela um cen\u00e1rio de manipula\u00e7\u00e3o e controle. O r\u00e9u usava o poder e o medo para silenciar a v\u00edtima nos momentos em que ficava sozinho com ela, esfregando suas partes \u00edntimas e fazendo amea\u00e7as.<\/p>\n\n\n\n<p>Era o primeiro ano da pandemia de covid-19 e a menina n\u00e3o podia sequer pedir ajuda aos professores, como acontece em muitos casos, pois as aulas presenciais estavam suspensas.<\/p>\n\n\n\n<figure class=\"wp-block-image size-full\"><img loading=\"lazy\" decoding=\"async\" width=\"900\" height=\"408\" src=\"https:\/\/radiostudiow.com.br\/site\/wp-content\/uploads\/2024\/09\/image-64-1.png\" alt=\"\" class=\"wp-image-28207\" srcset=\"https:\/\/radiostudiow.com.br\/site\/wp-content\/uploads\/2024\/09\/image-64-1.png 900w, https:\/\/radiostudiow.com.br\/site\/wp-content\/uploads\/2024\/09\/image-64-1-300x136.png 300w, https:\/\/radiostudiow.com.br\/site\/wp-content\/uploads\/2024\/09\/image-64-1-768x348.png 768w\" sizes=\"auto, (max-width: 900px) 100vw, 900px\" \/><\/figure>\n\n\n\n<p>Ent\u00e3o, em um domingo, ela fugiu a p\u00e9 para a casa de uma prima, em um bairro distante, e contou o que vinha sofrendo. No mesmo dia, a Pol\u00edcia Militar e a conselheira tutelar de plant\u00e3o foram conversar com a m\u00e3e dela e encontraram um lar desestruturado, com outras crian\u00e7as vivendo sob total aus\u00eancia de carinho e afeto.<\/p>\n\n\n\n<p>O abusador fugiu antes da chegada da Pol\u00edcia, mas posteriormente foi denunciado pela Promotoria de Justi\u00e7a criminal da comarca e na semana passada foi condenado a 37 anos e seis meses de reclus\u00e3o por estupro de vulner\u00e1vel \u2013 crime previsto no artigo 217-A do C\u00f3digo Penal brasileiro. Ele poder\u00e1 recorrer em liberdade at\u00e9 que a senten\u00e7a transite em julgado.\u00a0\u00a0\u00a0<\/p>\n\n\n\n<p>A Promotora de Justi\u00e7a Andr\u00e9ia Tonin espera que um eventual recurso seja negado e o r\u00e9u cumpra a pena em regime fechado. <strong><em>\u201cEsse crime atinge de forma devastadora a vida da v\u00edtima, comprometendo seu desenvolvimento f\u00edsico, emocional e psicol\u00f3gico, muitas vezes de maneira irrevers\u00edvel. Al\u00e9m disso, a impunidade encoraja a perpetua\u00e7\u00e3o dessa viol\u00eancia, mas, quando a Justi\u00e7a atua de forma rigorosa, enviamos uma mensagem clara de que a sociedade n\u00e3o tolera o abuso e a explora\u00e7\u00e3o de crian\u00e7as e adolescentes\u201d, diz ela.<\/em><\/strong><\/p>\n\n\n\n<figure class=\"wp-block-image size-full\"><img loading=\"lazy\" decoding=\"async\" width=\"820\" height=\"582\" src=\"https:\/\/radiostudiow.com.br\/site\/wp-content\/uploads\/2024\/10\/image-36.png\" alt=\"\" class=\"wp-image-28932\" srcset=\"https:\/\/radiostudiow.com.br\/site\/wp-content\/uploads\/2024\/10\/image-36.png 820w, https:\/\/radiostudiow.com.br\/site\/wp-content\/uploads\/2024\/10\/image-36-300x213.png 300w, https:\/\/radiostudiow.com.br\/site\/wp-content\/uploads\/2024\/10\/image-36-768x545.png 768w\" sizes=\"auto, (max-width: 820px) 100vw, 820px\" \/><\/figure>\n\n\n\n<p><strong>Denuncie&nbsp;&nbsp;<\/strong><\/p>\n\n\n\n<p>Denunciar o crime de estupro de vulner\u00e1vel \u00e0s autoridades competentes \u00e9 um ato de coragem que pode salvar vidas e evitar que o sofrimento de uma v\u00edtima continue ou se repita. Se voc\u00ea foi v\u00edtima ou conhece algu\u00e9m que est\u00e1 sendo abusado, saiba que \u00e9 fundamental procurar ajuda e denunciar o respons\u00e1vel. O sil\u00eancio s\u00f3 favorece o abusador e perpetua o ciclo de viol\u00eancia.<\/p>\n\n\n\n<p>Crian\u00e7as e adolescentes s\u00e3o especialmente vulner\u00e1veis a esse tipo de crime, que causa danos profundos e duradouros. Muitas vezes, elas n\u00e3o t\u00eam condi\u00e7\u00f5es de se defender ou pedir ajuda sozinhas. Por isso, \u00e9 essencial que pessoas pr\u00f3ximas, familiares, amigos, vizinhos e at\u00e9 profissionais que lidam com essas crian\u00e7as estejam atentos a sinais de abuso, como mudan\u00e7as de comportamento, medo excessivo, tristeza ou isolamento. O olhar atento de um adulto pode fazer toda a diferen\u00e7a.<\/p>\n","protected":false},"excerpt":{"rendered":"<p>Entre os meses de janeiro e outubro de 2020, uma menina de nove anos sofreu abusos sexuais em Fraiburgo. Naquele per\u00edodo, ela foi obrigada a satisfazer a lasc\u00edvia do padrasto sem poder contar nada a ningu\u00e9m. O processo corre em segredo de justi\u00e7a, mas a den\u00fancia do Minist\u00e9rio P\u00fablico de Santa Catarina (MPSC) revela um [&hellip;]<\/p>\n","protected":false},"author":2,"featured_media":28933,"comment_status":"open","ping_status":"open","sticky":false,"template":"","format":"standard","meta":{"footnotes":""},"categories":[2],"tags":[172],"class_list":["post-28930","post","type-post","status-publish","format-standard","has-post-thumbnail","hentry","category-policial","tag-featured"],"amp_enabled":true,"_links":{"self":[{"href":"https:\/\/radiostudiow.com.br\/site\/wp-json\/wp\/v2\/posts\/28930","targetHints":{"allow":["GET"]}}],"collection":[{"href":"https:\/\/radiostudiow.com.br\/site\/wp-json\/wp\/v2\/posts"}],"about":[{"href":"https:\/\/radiostudiow.com.br\/site\/wp-json\/wp\/v2\/types\/post"}],"author":[{"embeddable":true,"href":"https:\/\/radiostudiow.com.br\/site\/wp-json\/wp\/v2\/users\/2"}],"replies":[{"embeddable":true,"href":"https:\/\/radiostudiow.com.br\/site\/wp-json\/wp\/v2\/comments?post=28930"}],"version-history":[{"count":1,"href":"https:\/\/radiostudiow.com.br\/site\/wp-json\/wp\/v2\/posts\/28930\/revisions"}],"predecessor-version":[{"id":28934,"href":"https:\/\/radiostudiow.com.br\/site\/wp-json\/wp\/v2\/posts\/28930\/revisions\/28934"}],"wp:featuredmedia":[{"embeddable":true,"href":"https:\/\/radiostudiow.com.br\/site\/wp-json\/wp\/v2\/media\/28933"}],"wp:attachment":[{"href":"https:\/\/radiostudiow.com.br\/site\/wp-json\/wp\/v2\/media?parent=28930"}],"wp:term":[{"taxonomy":"category","embeddable":true,"href":"https:\/\/radiostudiow.com.br\/site\/wp-json\/wp\/v2\/categories?post=28930"},{"taxonomy":"post_tag","embeddable":true,"href":"https:\/\/radiostudiow.com.br\/site\/wp-json\/wp\/v2\/tags?post=28930"}],"curies":[{"name":"wp","href":"https:\/\/api.w.org\/{rel}","templated":true}]}}