{"id":28937,"date":"2024-10-16T20:52:27","date_gmt":"2024-10-16T23:52:27","guid":{"rendered":"https:\/\/radiostudiow.com.br\/site\/?p=28937"},"modified":"2025-01-31T14:58:20","modified_gmt":"2025-01-31T17:58:20","slug":"dois-homens-sao-presos-suspeitos-de-participar-de-tentativa-de-homicidio-com-uso-de-fogo","status":"publish","type":"post","link":"https:\/\/radiostudiow.com.br\/site\/2024\/10\/16\/dois-homens-sao-presos-suspeitos-de-participar-de-tentativa-de-homicidio-com-uso-de-fogo\/","title":{"rendered":"Dois homens s\u00e3o presos suspeitos de participar de tentativa de homic\u00eddio com uso de fogo"},"content":{"rendered":"\n<p>Dois homens foram presos pela Pol\u00edcia Militar de Irati ap\u00f3s uma tentativa de homic\u00eddio com uso de fogo sobre a v\u00edtima. A situa\u00e7\u00e3o ocorreu por volta das 08:30 horas dessa ter\u00e7a-feira, 15 de outubro, na obra abandonada do Centro Cultural Denise Stoklos. O local costuma ser frequentado por moradores de rua e usu\u00e1rios de drogas.<\/p>\n\n\n\n<figure class=\"wp-block-image size-full\"><img loading=\"lazy\" decoding=\"async\" width=\"900\" height=\"408\" src=\"https:\/\/radiostudiow.com.br\/site\/wp-content\/uploads\/2024\/09\/image-64-1.png\" alt=\"\" class=\"wp-image-28207\" srcset=\"https:\/\/radiostudiow.com.br\/site\/wp-content\/uploads\/2024\/09\/image-64-1.png 900w, https:\/\/radiostudiow.com.br\/site\/wp-content\/uploads\/2024\/09\/image-64-1-300x136.png 300w, https:\/\/radiostudiow.com.br\/site\/wp-content\/uploads\/2024\/09\/image-64-1-768x348.png 768w\" sizes=\"auto, (max-width: 900px) 100vw, 900px\" \/><\/figure>\n\n\n\n<p>De acordo com informa\u00e7\u00f5es dos bombeiros, a v\u00edtima sofreu queimaduras de segundo grau em aproximadamente 50% do corpo. O homem de 44 anos foi socorrido pelos bombeiros e encaminhado para a Santa Casa de Irati com ferimentos graves.<\/p>\n\n\n\n<p>Testemunhas acionaram a PM depois que avistaram a v\u00edtima sair correndo com o corpo em chamas e mais dois homens deixando o pr\u00e9dio abandonado. Segundo as informa\u00e7\u00f5es repassadas, um homem era grisalho e estava com uma mochila nas costas. J\u00e1 o outro envolvido era jovem e usava um \u00f3culos quadriculado espelhado.<\/p>\n\n\n\n<figure class=\"wp-block-image size-full\"><img loading=\"lazy\" decoding=\"async\" width=\"897\" height=\"204\" src=\"https:\/\/radiostudiow.com.br\/site\/wp-content\/uploads\/2024\/04\/image-50.png\" alt=\"\" class=\"wp-image-21368\" srcset=\"https:\/\/radiostudiow.com.br\/site\/wp-content\/uploads\/2024\/04\/image-50.png 897w, https:\/\/radiostudiow.com.br\/site\/wp-content\/uploads\/2024\/04\/image-50-300x68.png 300w, https:\/\/radiostudiow.com.br\/site\/wp-content\/uploads\/2024\/04\/image-50-768x175.png 768w\" sizes=\"auto, (max-width: 897px) 100vw, 897px\" \/><\/figure>\n\n\n\n<p>A PM realizou buscas e encontrou os dois homens em uma pra\u00e7a. Um dos abordados estava justamente com o \u00f3culos espelhado, que havia sido relatado pelas testemunhas. J\u00e1 o outro homem estava com algumas roupas em sua mochila, inclusive um moletom informado pelos moradores que observaram a situa\u00e7\u00e3o na obra do teatro.<\/p>\n\n\n\n<p>Os dois homens de 23 e 46 anos foram encaminhados para a Delegacia, onde foram ouvidos. Segundo Delegado Rafael Rybandt, os dois homens foram autuados em flagrante pelo crime de homic\u00eddio doloso qualificado, mediante o emprego de fogo, na modalidade tentada.<\/p>\n","protected":false},"excerpt":{"rendered":"<p>Dois homens foram presos pela Pol\u00edcia Militar de Irati ap\u00f3s uma tentativa de homic\u00eddio com uso de fogo sobre a v\u00edtima. A situa\u00e7\u00e3o ocorreu por volta das 08:30 horas dessa ter\u00e7a-feira, 15 de outubro, na obra abandonada do Centro Cultural Denise Stoklos. O local costuma ser frequentado por moradores de rua e usu\u00e1rios de drogas. [&hellip;]<\/p>\n","protected":false},"author":2,"featured_media":28920,"comment_status":"open","ping_status":"open","sticky":false,"template":"","format":"standard","meta":{"footnotes":""},"categories":[2],"tags":[172],"class_list":["post-28937","post","type-post","status-publish","format-standard","has-post-thumbnail","hentry","category-policial","tag-featured"],"amp_enabled":true,"_links":{"self":[{"href":"https:\/\/radiostudiow.com.br\/site\/wp-json\/wp\/v2\/posts\/28937","targetHints":{"allow":["GET"]}}],"collection":[{"href":"https:\/\/radiostudiow.com.br\/site\/wp-json\/wp\/v2\/posts"}],"about":[{"href":"https:\/\/radiostudiow.com.br\/site\/wp-json\/wp\/v2\/types\/post"}],"author":[{"embeddable":true,"href":"https:\/\/radiostudiow.com.br\/site\/wp-json\/wp\/v2\/users\/2"}],"replies":[{"embeddable":true,"href":"https:\/\/radiostudiow.com.br\/site\/wp-json\/wp\/v2\/comments?post=28937"}],"version-history":[{"count":2,"href":"https:\/\/radiostudiow.com.br\/site\/wp-json\/wp\/v2\/posts\/28937\/revisions"}],"predecessor-version":[{"id":28944,"href":"https:\/\/radiostudiow.com.br\/site\/wp-json\/wp\/v2\/posts\/28937\/revisions\/28944"}],"wp:featuredmedia":[{"embeddable":true,"href":"https:\/\/radiostudiow.com.br\/site\/wp-json\/wp\/v2\/media\/28920"}],"wp:attachment":[{"href":"https:\/\/radiostudiow.com.br\/site\/wp-json\/wp\/v2\/media?parent=28937"}],"wp:term":[{"taxonomy":"category","embeddable":true,"href":"https:\/\/radiostudiow.com.br\/site\/wp-json\/wp\/v2\/categories?post=28937"},{"taxonomy":"post_tag","embeddable":true,"href":"https:\/\/radiostudiow.com.br\/site\/wp-json\/wp\/v2\/tags?post=28937"}],"curies":[{"name":"wp","href":"https:\/\/api.w.org\/{rel}","templated":true}]}}