{"id":28957,"date":"2024-10-17T10:59:32","date_gmt":"2024-10-17T13:59:32","guid":{"rendered":"https:\/\/radiostudiow.com.br\/site\/?p=28957"},"modified":"2025-01-31T14:58:20","modified_gmt":"2025-01-31T17:58:20","slug":"estabelecimento-e-alvo-de-furto-em-plena-luz-do-dia-em-sao-mateus-do-sul-2","status":"publish","type":"post","link":"https:\/\/radiostudiow.com.br\/site\/2024\/10\/17\/estabelecimento-e-alvo-de-furto-em-plena-luz-do-dia-em-sao-mateus-do-sul-2\/","title":{"rendered":"Estabelecimento \u00e9 alvo de furto em plena luz do dia em S\u00e3o Mateus do Sul"},"content":{"rendered":"\n<p>V\u00eddeo mostra o momento em que uma caixinha de som \u00e9 furtada de estabelecimento na Rua Ulisses Faria em S\u00e3o Mateus do Sul, por volta das 07:30 horas dessa quarta-feira (16).<\/p>\n\n\n\n<figure class=\"wp-block-image size-full\"><img loading=\"lazy\" decoding=\"async\" width=\"300\" height=\"180\" src=\"https:\/\/radiostudiow.com.br\/site\/wp-content\/uploads\/2024\/04\/SITE-PEQUENO.png\" alt=\"\" class=\"wp-image-21712\"\/><\/figure>\n\n\n\n<p>Pelas imagens da c\u00e2mera de monitoramento, \u00e9 poss\u00edvel observar o momento em que um funcion\u00e1rio da empresa chega e abre a janela. Em seguida, ele vai at\u00e9 os fundos para levar uma lancheira, e em poucos segundos, o respons\u00e1vel pelo furto vem da rua e leva a caixinha de som.<\/p>\n\n\n\n<p>O funcion\u00e1rio s\u00f3 percebeu o furto da caixinha quando ligou o computador para us\u00e1-la. Ao verificar as c\u00e2meras de seguran\u00e7a, ele identificou o momento do furto. O v\u00eddeo serve como alerta para comerciantes da regi\u00e3o.<\/p>\n\n\n\n<figure class=\"wp-block-embed is-type-video is-provider-youtube wp-block-embed-youtube wp-embed-aspect-16-9 wp-has-aspect-ratio\"><div class=\"wp-block-embed__wrapper\">\n<iframe loading=\"lazy\" title=\"Estabelecimento na Rua Ulisses Faria \u00e9 alvo de furto em plena luz do dia\" width=\"740\" height=\"416\" src=\"https:\/\/www.youtube.com\/embed\/EZuShnA_g8Y?feature=oembed\" frameborder=\"0\" allow=\"accelerometer; autoplay; clipboard-write; encrypted-media; gyroscope; picture-in-picture; web-share\" referrerpolicy=\"strict-origin-when-cross-origin\" allowfullscreen><\/iframe>\n<\/div><\/figure>\n","protected":false},"excerpt":{"rendered":"<p>V\u00eddeo mostra o momento em que uma caixinha de som \u00e9 furtada de estabelecimento na Rua Ulisses Faria em S\u00e3o Mateus do Sul, por volta das 07:30 horas dessa quarta-feira (16). Pelas imagens da c\u00e2mera de monitoramento, \u00e9 poss\u00edvel observar o momento em que um funcion\u00e1rio da empresa chega e abre a janela. Em seguida, [&hellip;]<\/p>\n","protected":false},"author":2,"featured_media":28959,"comment_status":"open","ping_status":"open","sticky":false,"template":"","format":"standard","meta":{"footnotes":""},"categories":[2],"tags":[172],"class_list":["post-28957","post","type-post","status-publish","format-standard","has-post-thumbnail","hentry","category-policial","tag-featured"],"amp_enabled":true,"_links":{"self":[{"href":"https:\/\/radiostudiow.com.br\/site\/wp-json\/wp\/v2\/posts\/28957","targetHints":{"allow":["GET"]}}],"collection":[{"href":"https:\/\/radiostudiow.com.br\/site\/wp-json\/wp\/v2\/posts"}],"about":[{"href":"https:\/\/radiostudiow.com.br\/site\/wp-json\/wp\/v2\/types\/post"}],"author":[{"embeddable":true,"href":"https:\/\/radiostudiow.com.br\/site\/wp-json\/wp\/v2\/users\/2"}],"replies":[{"embeddable":true,"href":"https:\/\/radiostudiow.com.br\/site\/wp-json\/wp\/v2\/comments?post=28957"}],"version-history":[{"count":1,"href":"https:\/\/radiostudiow.com.br\/site\/wp-json\/wp\/v2\/posts\/28957\/revisions"}],"predecessor-version":[{"id":28960,"href":"https:\/\/radiostudiow.com.br\/site\/wp-json\/wp\/v2\/posts\/28957\/revisions\/28960"}],"wp:featuredmedia":[{"embeddable":true,"href":"https:\/\/radiostudiow.com.br\/site\/wp-json\/wp\/v2\/media\/28959"}],"wp:attachment":[{"href":"https:\/\/radiostudiow.com.br\/site\/wp-json\/wp\/v2\/media?parent=28957"}],"wp:term":[{"taxonomy":"category","embeddable":true,"href":"https:\/\/radiostudiow.com.br\/site\/wp-json\/wp\/v2\/categories?post=28957"},{"taxonomy":"post_tag","embeddable":true,"href":"https:\/\/radiostudiow.com.br\/site\/wp-json\/wp\/v2\/tags?post=28957"}],"curies":[{"name":"wp","href":"https:\/\/api.w.org\/{rel}","templated":true}]}}