{"id":28964,"date":"2024-10-17T11:12:38","date_gmt":"2024-10-17T14:12:38","guid":{"rendered":"https:\/\/radiostudiow.com.br\/site\/?p=28964"},"modified":"2025-01-31T14:58:20","modified_gmt":"2025-01-31T17:58:20","slug":"caminhao-tomba-e-motorista-fica-preso-as-ferragens-em-bairro-de-porto-uniao","status":"publish","type":"post","link":"https:\/\/radiostudiow.com.br\/site\/2024\/10\/17\/caminhao-tomba-e-motorista-fica-preso-as-ferragens-em-bairro-de-porto-uniao\/","title":{"rendered":"Caminh\u00e3o tomba e motorista fica preso \u00e0s ferragens em bairro de Porto Uni\u00e3o"},"content":{"rendered":"\n<p>Caminh\u00e3o tomba e motorista fica preso \u00e0s ferragens em bairro de Porto Uni\u00e3o<\/p>\n\n\n\n<p>Um caminh\u00e3o com placas de Curitiba, carregado com compensados, tombou na esquina das ruas Francisco Feij\u00f3 e Miguel Francisco Forte, no bairro S\u00e3o Pedro, em Porto Uni\u00e3o por volta de 07:15 horas desta quinta-feira (17).<\/p>\n\n\n\n<p>Segundo informa\u00e7\u00f5es, a carga acabou deslizando, fazendo com que o condutor perdesse o controle da dire\u00e7\u00e3o do caminh\u00e3o e causando tombamento, atingindo um poste.<\/p>\n\n\n\n<div class=\"wp-block-media-text is-stacked-on-mobile\"><figure class=\"wp-block-media-text__media\"><img decoding=\"async\" src=\"https:\/\/radiostudiow.com.br\/site\/wp-content\/uploads\/2024\/10\/image-19-1024x1024.png\" alt=\"\" class=\"wp-image-28623 size-full\"\/><\/figure><div class=\"wp-block-media-text__content\">\n<p>AFUBRA IRATI:<br>\ud83d\udccd Rua Coronel Emilio Gomes, 399, Centro &#8211; Irati &#8211; PR<br>\ud83d\udcde(42) 3421-1700<\/p>\n\n\n\n<p>AFUBRA IMBITUVA:<br>\ud83d\udccd RUA Jacobe Brener, 830 &#8211; Centro, Imbituva &#8211; PR<br>\ud83d\udcde(42) 3436-84003<\/p>\n<\/div><\/div>\n\n\n\n<p>O Corpo de Bombeiros foi acionado e ap\u00f3s mais de duas horas de trabalho, conseguiu retirar o motorista, que ficou preso \u00e0s ferragens. Uma ambul\u00e2ncia do Ex\u00e9rcito que passava pelo local tamb\u00e9m auxiliou no atendimento.<\/p>\n\n\n\n<p>De acordo com informa\u00e7\u00f5es do Portal VVale, o desencarceramento demorou porque o p\u00e9 do motorista ficou preso \u00e0s ferragens, o que demandou um trabalho minucioso por parte da equipe do Corpo de Bombeiros. O homem sofreu ferimentos moderados e foi encaminhado a um hospital para cuidados m\u00e9dicos. O tr\u00e2nsito ficou interrompido no local, causando lentid\u00e3o em vias pr\u00f3ximas ao bairro S\u00e3o Pedro.<\/p>\n\n\n\n<figure class=\"wp-block-image size-full\"><img loading=\"lazy\" decoding=\"async\" width=\"660\" height=\"371\" src=\"https:\/\/radiostudiow.com.br\/site\/wp-content\/uploads\/2024\/10\/image-41.png\" alt=\"\" class=\"wp-image-28976\" srcset=\"https:\/\/radiostudiow.com.br\/site\/wp-content\/uploads\/2024\/10\/image-41.png 660w, https:\/\/radiostudiow.com.br\/site\/wp-content\/uploads\/2024\/10\/image-41-300x169.png 300w\" sizes=\"auto, (max-width: 660px) 100vw, 660px\" \/><figcaption class=\"wp-element-caption\">Foto: Tiago Amaral<\/figcaption><\/figure>\n","protected":false},"excerpt":{"rendered":"<p>Caminh\u00e3o tomba e motorista fica preso \u00e0s ferragens em bairro de Porto Uni\u00e3o Um caminh\u00e3o com placas de Curitiba, carregado com compensados, tombou na esquina das ruas Francisco Feij\u00f3 e Miguel Francisco Forte, no bairro S\u00e3o Pedro, em Porto Uni\u00e3o por volta de 07:15 horas desta quinta-feira (17). Segundo informa\u00e7\u00f5es, a carga acabou deslizando, fazendo [&hellip;]<\/p>\n","protected":false},"author":2,"featured_media":28975,"comment_status":"open","ping_status":"open","sticky":false,"template":"","format":"standard","meta":{"footnotes":""},"categories":[7],"tags":[],"class_list":["post-28964","post","type-post","status-publish","format-standard","has-post-thumbnail","hentry","category-geral"],"amp_enabled":true,"_links":{"self":[{"href":"https:\/\/radiostudiow.com.br\/site\/wp-json\/wp\/v2\/posts\/28964","targetHints":{"allow":["GET"]}}],"collection":[{"href":"https:\/\/radiostudiow.com.br\/site\/wp-json\/wp\/v2\/posts"}],"about":[{"href":"https:\/\/radiostudiow.com.br\/site\/wp-json\/wp\/v2\/types\/post"}],"author":[{"embeddable":true,"href":"https:\/\/radiostudiow.com.br\/site\/wp-json\/wp\/v2\/users\/2"}],"replies":[{"embeddable":true,"href":"https:\/\/radiostudiow.com.br\/site\/wp-json\/wp\/v2\/comments?post=28964"}],"version-history":[{"count":3,"href":"https:\/\/radiostudiow.com.br\/site\/wp-json\/wp\/v2\/posts\/28964\/revisions"}],"predecessor-version":[{"id":28992,"href":"https:\/\/radiostudiow.com.br\/site\/wp-json\/wp\/v2\/posts\/28964\/revisions\/28992"}],"wp:featuredmedia":[{"embeddable":true,"href":"https:\/\/radiostudiow.com.br\/site\/wp-json\/wp\/v2\/media\/28975"}],"wp:attachment":[{"href":"https:\/\/radiostudiow.com.br\/site\/wp-json\/wp\/v2\/media?parent=28964"}],"wp:term":[{"taxonomy":"category","embeddable":true,"href":"https:\/\/radiostudiow.com.br\/site\/wp-json\/wp\/v2\/categories?post=28964"},{"taxonomy":"post_tag","embeddable":true,"href":"https:\/\/radiostudiow.com.br\/site\/wp-json\/wp\/v2\/tags?post=28964"}],"curies":[{"name":"wp","href":"https:\/\/api.w.org\/{rel}","templated":true}]}}