{"id":28971,"date":"2024-10-18T09:35:20","date_gmt":"2024-10-18T12:35:20","guid":{"rendered":"https:\/\/radiostudiow.com.br\/site\/?p=28971"},"modified":"2025-01-31T14:58:20","modified_gmt":"2025-01-31T17:58:20","slug":"homem-e-preso-apos-ser-flagrado-com-maconha-e-cocaina-em-sao-mateus-do-sul","status":"publish","type":"post","link":"https:\/\/radiostudiow.com.br\/site\/2024\/10\/18\/homem-e-preso-apos-ser-flagrado-com-maconha-e-cocaina-em-sao-mateus-do-sul\/","title":{"rendered":"Homem \u00e9 preso ap\u00f3s ser flagrado com maconha e coca\u00edna em S\u00e3o Mateus do Sul"},"content":{"rendered":"\n<p>A equipe RPA da Pol\u00edcia Militar realizava patrulhamento pela Vila Amaral quando avistou algumas pessoas em atitude suspeita por volta das 20:55 horas desta quarta-feira (16).<\/p>\n\n\n\n<figure class=\"wp-block-image size-large\"><img decoding=\"async\" src=\"https:\/\/radiostudiow.com.br\/site\/wp-content\/uploads\/2024\/10\/zm_0002_24AG_anuncio_261x83mm-1024x359.png\" alt=\"\" class=\"wp-image-28224\"\/><\/figure>\n\n\n\n<p>Durante abordagem e busca pessoal, foi encontrado com um homem quatro buchas de coca\u00edna, uma bucha contendo maconha e uma m\u00e1quina de cart\u00e3o.<\/p>\n\n\n\n<p>Um rapaz assumiu a propriedade das drogas e recebeu voz de pris\u00e3o, sendo encaminhado \u00e0 3 Subdivis\u00e3o Policial (SDP) para provid\u00eancias cab\u00edveis.<\/p>\n","protected":false},"excerpt":{"rendered":"<p>A equipe RPA da Pol\u00edcia Militar realizava patrulhamento pela Vila Amaral quando avistou algumas pessoas em atitude suspeita por volta das 20:55 horas desta quarta-feira (16). Durante abordagem e busca pessoal, foi encontrado com um homem quatro buchas de coca\u00edna, uma bucha contendo maconha e uma m\u00e1quina de cart\u00e3o. Um rapaz assumiu a propriedade das [&hellip;]<\/p>\n","protected":false},"author":2,"featured_media":29012,"comment_status":"open","ping_status":"open","sticky":false,"template":"","format":"standard","meta":{"footnotes":""},"categories":[2],"tags":[172],"class_list":["post-28971","post","type-post","status-publish","format-standard","has-post-thumbnail","hentry","category-policial","tag-featured"],"amp_enabled":true,"_links":{"self":[{"href":"https:\/\/radiostudiow.com.br\/site\/wp-json\/wp\/v2\/posts\/28971","targetHints":{"allow":["GET"]}}],"collection":[{"href":"https:\/\/radiostudiow.com.br\/site\/wp-json\/wp\/v2\/posts"}],"about":[{"href":"https:\/\/radiostudiow.com.br\/site\/wp-json\/wp\/v2\/types\/post"}],"author":[{"embeddable":true,"href":"https:\/\/radiostudiow.com.br\/site\/wp-json\/wp\/v2\/users\/2"}],"replies":[{"embeddable":true,"href":"https:\/\/radiostudiow.com.br\/site\/wp-json\/wp\/v2\/comments?post=28971"}],"version-history":[{"count":3,"href":"https:\/\/radiostudiow.com.br\/site\/wp-json\/wp\/v2\/posts\/28971\/revisions"}],"predecessor-version":[{"id":29013,"href":"https:\/\/radiostudiow.com.br\/site\/wp-json\/wp\/v2\/posts\/28971\/revisions\/29013"}],"wp:featuredmedia":[{"embeddable":true,"href":"https:\/\/radiostudiow.com.br\/site\/wp-json\/wp\/v2\/media\/29012"}],"wp:attachment":[{"href":"https:\/\/radiostudiow.com.br\/site\/wp-json\/wp\/v2\/media?parent=28971"}],"wp:term":[{"taxonomy":"category","embeddable":true,"href":"https:\/\/radiostudiow.com.br\/site\/wp-json\/wp\/v2\/categories?post=28971"},{"taxonomy":"post_tag","embeddable":true,"href":"https:\/\/radiostudiow.com.br\/site\/wp-json\/wp\/v2\/tags?post=28971"}],"curies":[{"name":"wp","href":"https:\/\/api.w.org\/{rel}","templated":true}]}}