{"id":28978,"date":"2024-10-17T18:30:56","date_gmt":"2024-10-17T21:30:56","guid":{"rendered":"https:\/\/radiostudiow.com.br\/site\/?p=28978"},"modified":"2025-01-31T14:58:20","modified_gmt":"2025-01-31T17:58:20","slug":"padre-silvano-recebe-homenagem-em-video-de-ave-maria-em-canto-lirico-assista","status":"publish","type":"post","link":"https:\/\/radiostudiow.com.br\/site\/2024\/10\/17\/padre-silvano-recebe-homenagem-em-video-de-ave-maria-em-canto-lirico-assista\/","title":{"rendered":"Padre Silvano recebe homenagem em v\u00eddeo de Ave Maria em canto l\u00edrico; assista"},"content":{"rendered":"\n<p>Um padre que fez hist\u00f3ria na Diocese! O\u00a0Padre Silvano Surmacz foi homenageado mais uma vez, agora com o\u00a0canto l\u00edrico da m\u00fasica Ave Maria na Catedral em Uni\u00e3o da Vit\u00f3ria.\u00a0A homenagem reuniu os m\u00fasicos Vlad Myszka (contratenor), Gabriel Santos (tenor), Marcos Correia (bar\u00edtono) e Alessandro Correia (piano), al\u00e9m de amigos do Padre Silvano em depoimentos, incluindo o Padre Sidnei.\u00a0<em>(Assista abaixo)<\/em><\/p>\n\n\n\n<figure class=\"wp-block-image size-full\"><img loading=\"lazy\" decoding=\"async\" width=\"900\" height=\"408\" src=\"https:\/\/radiostudiow.com.br\/site\/wp-content\/uploads\/2024\/09\/image-64-1.png\" alt=\"\" class=\"wp-image-28207\" srcset=\"https:\/\/radiostudiow.com.br\/site\/wp-content\/uploads\/2024\/09\/image-64-1.png 900w, https:\/\/radiostudiow.com.br\/site\/wp-content\/uploads\/2024\/09\/image-64-1-300x136.png 300w, https:\/\/radiostudiow.com.br\/site\/wp-content\/uploads\/2024\/09\/image-64-1-768x348.png 768w\" sizes=\"auto, (max-width: 900px) 100vw, 900px\" \/><\/figure>\n\n\n\n<p>Padre Silvano Surmacz era natural de Rio Azul. Foi o primeiro padre a ser ordenado na diocese por dom Walter Michael Ebejer, primeiro bispo da Diocese, em 08 de dezembro de 1990.\u00a0Ele j\u00e1 atuou como p\u00e1roco da Par\u00f3quia S\u00e3o Mateus em S\u00e3o Mateus do Sul e faleceu no dia 24 de mar\u00e7o de 2021, v\u00edtima da covid-19.<\/p>\n\n\n\n<p>\u201c\u00c9 uma hist\u00f3ria interessante e at\u00e9 curiosa, porque depois da celebra\u00e7\u00e3o da liturgia, eu tomava vinho com o Padre Silvano. E dessa forma ele me trouxe de volta para a igreja. E certa vez eu prometi para o Silvano que faria a apresenta\u00e7\u00e3o de uma Ave Maria l\u00edrica na catedral. N\u00e3o deu tempo. Ningu\u00e9m esperava por uma pandemia, mas eu tenho a certeza que ele vai escutar, l\u00e1 de cima, e n\u00f3s vamos cumprir a nossa promessa\u201d, disse Vlad Myszka durante a homenagem.<\/p>\n\n\n\n<figure class=\"wp-block-embed is-type-video is-provider-youtube wp-block-embed-youtube wp-embed-aspect-16-9 wp-has-aspect-ratio\"><div class=\"wp-block-embed__wrapper\">\n<iframe loading=\"lazy\" title=\"Vlad Myszka &amp; Amigos - Ave Maria (Homenagem ao Pe. Silvano Surmacz)\" width=\"740\" height=\"416\" src=\"https:\/\/www.youtube.com\/embed\/DLYG8NmEwzE?feature=oembed\" frameborder=\"0\" allow=\"accelerometer; autoplay; clipboard-write; encrypted-media; gyroscope; picture-in-picture; web-share\" referrerpolicy=\"strict-origin-when-cross-origin\" allowfullscreen><\/iframe>\n<\/div><\/figure>\n","protected":false},"excerpt":{"rendered":"<p>Um padre que fez hist\u00f3ria na Diocese! O\u00a0Padre Silvano Surmacz foi homenageado mais uma vez, agora com o\u00a0canto l\u00edrico da m\u00fasica Ave Maria na Catedral em Uni\u00e3o da Vit\u00f3ria.\u00a0A homenagem reuniu os m\u00fasicos Vlad Myszka (contratenor), Gabriel Santos (tenor), Marcos Correia (bar\u00edtono) e Alessandro Correia (piano), al\u00e9m de amigos do Padre Silvano em depoimentos, incluindo [&hellip;]<\/p>\n","protected":false},"author":2,"featured_media":28985,"comment_status":"open","ping_status":"open","sticky":false,"template":"","format":"standard","meta":{"footnotes":""},"categories":[7],"tags":[172],"class_list":["post-28978","post","type-post","status-publish","format-standard","has-post-thumbnail","hentry","category-geral","tag-featured"],"amp_enabled":true,"_links":{"self":[{"href":"https:\/\/radiostudiow.com.br\/site\/wp-json\/wp\/v2\/posts\/28978","targetHints":{"allow":["GET"]}}],"collection":[{"href":"https:\/\/radiostudiow.com.br\/site\/wp-json\/wp\/v2\/posts"}],"about":[{"href":"https:\/\/radiostudiow.com.br\/site\/wp-json\/wp\/v2\/types\/post"}],"author":[{"embeddable":true,"href":"https:\/\/radiostudiow.com.br\/site\/wp-json\/wp\/v2\/users\/2"}],"replies":[{"embeddable":true,"href":"https:\/\/radiostudiow.com.br\/site\/wp-json\/wp\/v2\/comments?post=28978"}],"version-history":[{"count":3,"href":"https:\/\/radiostudiow.com.br\/site\/wp-json\/wp\/v2\/posts\/28978\/revisions"}],"predecessor-version":[{"id":28987,"href":"https:\/\/radiostudiow.com.br\/site\/wp-json\/wp\/v2\/posts\/28978\/revisions\/28987"}],"wp:featuredmedia":[{"embeddable":true,"href":"https:\/\/radiostudiow.com.br\/site\/wp-json\/wp\/v2\/media\/28985"}],"wp:attachment":[{"href":"https:\/\/radiostudiow.com.br\/site\/wp-json\/wp\/v2\/media?parent=28978"}],"wp:term":[{"taxonomy":"category","embeddable":true,"href":"https:\/\/radiostudiow.com.br\/site\/wp-json\/wp\/v2\/categories?post=28978"},{"taxonomy":"post_tag","embeddable":true,"href":"https:\/\/radiostudiow.com.br\/site\/wp-json\/wp\/v2\/tags?post=28978"}],"curies":[{"name":"wp","href":"https:\/\/api.w.org\/{rel}","templated":true}]}}