{"id":28999,"date":"2024-10-17T20:53:09","date_gmt":"2024-10-17T23:53:09","guid":{"rendered":"https:\/\/radiostudiow.com.br\/site\/?p=28999"},"modified":"2025-01-31T14:58:20","modified_gmt":"2025-01-31T17:58:20","slug":"acidente-envolvendo-dois-veiculos-em-um-dos-trevos-de-rio-azul","status":"publish","type":"post","link":"https:\/\/radiostudiow.com.br\/site\/2024\/10\/17\/acidente-envolvendo-dois-veiculos-em-um-dos-trevos-de-rio-azul\/","title":{"rendered":"Acidente envolvendo dois ve\u00edculos em um dos trevos de Rio Azul"},"content":{"rendered":"\n<p>Na tarde dessa quinta-feira, 17 de Outubro, uma colis\u00e3o foi registrada na BR-153 em um dos trevos de acesso a cidade de Rio Azul.<\/p>\n\n\n\n<figure class=\"wp-block-image size-large is-resized\"><img loading=\"lazy\" decoding=\"async\" width=\"1024\" height=\"1000\" src=\"https:\/\/radiostudiow.com.br\/site\/wp-content\/uploads\/2024\/10\/435967771_895308802606017_9088893450030346994_n-1024x1000.jpg\" alt=\"\" class=\"wp-image-29000\" style=\"width:457px;height:auto\" srcset=\"https:\/\/radiostudiow.com.br\/site\/wp-content\/uploads\/2024\/10\/435967771_895308802606017_9088893450030346994_n-1024x1000.jpg 1024w, https:\/\/radiostudiow.com.br\/site\/wp-content\/uploads\/2024\/10\/435967771_895308802606017_9088893450030346994_n-300x293.jpg 300w, https:\/\/radiostudiow.com.br\/site\/wp-content\/uploads\/2024\/10\/435967771_895308802606017_9088893450030346994_n-768x750.jpg 768w, https:\/\/radiostudiow.com.br\/site\/wp-content\/uploads\/2024\/10\/435967771_895308802606017_9088893450030346994_n-1536x1500.jpg 1536w, https:\/\/radiostudiow.com.br\/site\/wp-content\/uploads\/2024\/10\/435967771_895308802606017_9088893450030346994_n.jpg 2048w\" sizes=\"auto, (max-width: 1024px) 100vw, 1024px\" \/><\/figure>\n\n\n\n<p>De acordo com as primeiras informa\u00e7\u00f5es, a Picape F 75 Willys, fica sem freio, atravessa rodovia e \u00e9 atingida por Voyage. Populares relataram que houve v\u00edtimas que sofreram ferimentos e foram socorridas at\u00e9 o Hospital Municipal. <\/p>\n\n\n\n<p>V\u00eddeo de circula\u00e7\u00e3o nas redes sociais. Condutores que estiverem trafegando pela BR 153 devem ficar atentos.<\/p>\n\n\n\n<figure class=\"wp-block-gallery has-nested-images columns-default is-cropped wp-block-gallery-1 is-layout-flex wp-block-gallery-is-layout-flex\">\n<figure class=\"wp-block-image size-large\"><img loading=\"lazy\" decoding=\"async\" width=\"960\" height=\"710\" data-id=\"29003\" src=\"https:\/\/radiostudiow.com.br\/site\/wp-content\/uploads\/2024\/10\/05-1-1.jpeg\" alt=\"\" class=\"wp-image-29003\" srcset=\"https:\/\/radiostudiow.com.br\/site\/wp-content\/uploads\/2024\/10\/05-1-1.jpeg 960w, https:\/\/radiostudiow.com.br\/site\/wp-content\/uploads\/2024\/10\/05-1-1-300x222.jpeg 300w, https:\/\/radiostudiow.com.br\/site\/wp-content\/uploads\/2024\/10\/05-1-1-768x568.jpeg 768w\" sizes=\"auto, (max-width: 960px) 100vw, 960px\" \/><\/figure>\n\n\n\n<figure class=\"wp-block-image size-large\"><img loading=\"lazy\" decoding=\"async\" width=\"996\" height=\"549\" data-id=\"29002\" src=\"https:\/\/radiostudiow.com.br\/site\/wp-content\/uploads\/2024\/10\/05-2-1.jpeg\" alt=\"\" class=\"wp-image-29002\" srcset=\"https:\/\/radiostudiow.com.br\/site\/wp-content\/uploads\/2024\/10\/05-2-1.jpeg 996w, https:\/\/radiostudiow.com.br\/site\/wp-content\/uploads\/2024\/10\/05-2-1-300x165.jpeg 300w, https:\/\/radiostudiow.com.br\/site\/wp-content\/uploads\/2024\/10\/05-2-1-768x423.jpeg 768w\" sizes=\"auto, (max-width: 996px) 100vw, 996px\" \/><\/figure>\n\n\n\n<figure class=\"wp-block-image size-large\"><img loading=\"lazy\" decoding=\"async\" width=\"1001\" height=\"696\" data-id=\"29001\" src=\"https:\/\/radiostudiow.com.br\/site\/wp-content\/uploads\/2024\/10\/05-3.jpeg\" alt=\"\" class=\"wp-image-29001\" srcset=\"https:\/\/radiostudiow.com.br\/site\/wp-content\/uploads\/2024\/10\/05-3.jpeg 1001w, https:\/\/radiostudiow.com.br\/site\/wp-content\/uploads\/2024\/10\/05-3-300x209.jpeg 300w, https:\/\/radiostudiow.com.br\/site\/wp-content\/uploads\/2024\/10\/05-3-768x534.jpeg 768w\" sizes=\"auto, (max-width: 1001px) 100vw, 1001px\" \/><\/figure>\n<\/figure>\n\n\n\n<figure class=\"wp-block-video\"><video controls src=\"https:\/\/radiostudiow.com.br\/site\/wp-content\/uploads\/2024\/10\/463645903_525760310317615_8320470428484043919_n.mp4\"><\/video><\/figure>\n","protected":false},"excerpt":{"rendered":"<p>Na tarde dessa quinta-feira, 17 de Outubro, uma colis\u00e3o foi registrada na BR-153 em um dos trevos de acesso a cidade de Rio Azul. De acordo com as primeiras informa\u00e7\u00f5es, a Picape F 75 Willys, fica sem freio, atravessa rodovia e \u00e9 atingida por Voyage. Populares relataram que houve v\u00edtimas que sofreram ferimentos e foram [&hellip;]<\/p>\n","protected":false},"author":2,"featured_media":29004,"comment_status":"open","ping_status":"open","sticky":false,"template":"","format":"standard","meta":{"footnotes":""},"categories":[185],"tags":[172],"class_list":["post-28999","post","type-post","status-publish","format-standard","has-post-thumbnail","hentry","category-regional","tag-featured"],"amp_enabled":true,"_links":{"self":[{"href":"https:\/\/radiostudiow.com.br\/site\/wp-json\/wp\/v2\/posts\/28999","targetHints":{"allow":["GET"]}}],"collection":[{"href":"https:\/\/radiostudiow.com.br\/site\/wp-json\/wp\/v2\/posts"}],"about":[{"href":"https:\/\/radiostudiow.com.br\/site\/wp-json\/wp\/v2\/types\/post"}],"author":[{"embeddable":true,"href":"https:\/\/radiostudiow.com.br\/site\/wp-json\/wp\/v2\/users\/2"}],"replies":[{"embeddable":true,"href":"https:\/\/radiostudiow.com.br\/site\/wp-json\/wp\/v2\/comments?post=28999"}],"version-history":[{"count":1,"href":"https:\/\/radiostudiow.com.br\/site\/wp-json\/wp\/v2\/posts\/28999\/revisions"}],"predecessor-version":[{"id":29006,"href":"https:\/\/radiostudiow.com.br\/site\/wp-json\/wp\/v2\/posts\/28999\/revisions\/29006"}],"wp:featuredmedia":[{"embeddable":true,"href":"https:\/\/radiostudiow.com.br\/site\/wp-json\/wp\/v2\/media\/29004"}],"wp:attachment":[{"href":"https:\/\/radiostudiow.com.br\/site\/wp-json\/wp\/v2\/media?parent=28999"}],"wp:term":[{"taxonomy":"category","embeddable":true,"href":"https:\/\/radiostudiow.com.br\/site\/wp-json\/wp\/v2\/categories?post=28999"},{"taxonomy":"post_tag","embeddable":true,"href":"https:\/\/radiostudiow.com.br\/site\/wp-json\/wp\/v2\/tags?post=28999"}],"curies":[{"name":"wp","href":"https:\/\/api.w.org\/{rel}","templated":true}]}}