{"id":29019,"date":"2024-10-18T12:04:56","date_gmt":"2024-10-18T15:04:56","guid":{"rendered":"https:\/\/radiostudiow.com.br\/site\/?p=29019"},"modified":"2025-01-31T14:58:20","modified_gmt":"2025-01-31T17:58:20","slug":"a-vacina-e-um-direito-de-todos-todos-devem-ficar-em-dia-com-o-calendario-vacinal","status":"publish","type":"post","link":"https:\/\/radiostudiow.com.br\/site\/2024\/10\/18\/a-vacina-e-um-direito-de-todos-todos-devem-ficar-em-dia-com-o-calendario-vacinal\/","title":{"rendered":"A vacina \u00e9 um direito de todos! Todos devem ficar em dia com o calend\u00e1rio vacinal"},"content":{"rendered":"\n<p><em>A vacina \u00e9 um direito de todos!<\/em><\/p>\n\n\n\n<p>No Brasil, as pol\u00edticas p\u00fablicas de imuniza\u00e7\u00e3o s\u00e3o consideradas refer\u00eancia mundial h\u00e1 d\u00e9cadas. Gra\u00e7as ao Programa Nacional de Imuniza\u00e7\u00f5es (PNI), formulado em 1973 e institu\u00eddo pela Lei 6.259\/75, respons\u00e1vel pela distribui\u00e7\u00e3o de vacinas por meio do Sistema \u00danico de Sa\u00fade (SUS), in\u00fameras doen\u00e7as deixaram de ser consideradas problema de sa\u00fade p\u00fablica, e a dissemina\u00e7\u00e3o de muitas outras est\u00e1 controlada.<\/p>\n\n\n\n<figure class=\"wp-block-image size-full\"><img loading=\"lazy\" decoding=\"async\" width=\"598\" height=\"204\" src=\"https:\/\/radiostudiow.com.br\/site\/wp-content\/uploads\/2024\/10\/labirati.png\" alt=\"\" class=\"wp-image-28854\" srcset=\"https:\/\/radiostudiow.com.br\/site\/wp-content\/uploads\/2024\/10\/labirati.png 598w, https:\/\/radiostudiow.com.br\/site\/wp-content\/uploads\/2024\/10\/labirati-300x102.png 300w\" sizes=\"auto, (max-width: 598px) 100vw, 598px\" \/><\/figure>\n\n\n\n<p>Para que toda a sociedade se mantenha protegida de doen\u00e7as como febre amarela, caxumba, sarampo e covid, entre outras, todas as pessoas devem ficar em dia com o calend\u00e1rio vacinal.<\/p>\n\n\n\n<p>A imuniza\u00e7\u00e3o da popula\u00e7\u00e3o a partir da aplica\u00e7\u00e3o de vacinas (testadas e eficazes) se comprovou ser a estrat\u00e9gia mais efetiva para a defesa da popula\u00e7\u00e3o e a erradica\u00e7\u00e3o de doen\u00e7as para as quais existe prote\u00e7\u00e3o dispon\u00edvel \u2013 inclusive no \u00e2mbito da economia de recursos, j\u00e1 que o gasto com imuniza\u00e7\u00e3o normalmente \u00e9 menor que o gasto com interna\u00e7\u00f5es, tratamento, medica\u00e7\u00e3o etc. Assim, mais do que uma a\u00e7\u00e3o individual, a vacina\u00e7\u00e3o da popula\u00e7\u00e3o \u00e9 uma estrat\u00e9gia de prote\u00e7\u00e3o coletiva.<\/p>\n\n\n\n<p><strong>Consulte o calend\u00e1rio de vacina\u00e7\u00e3o para sua faixa et\u00e1ria no site do Minist\u00e9rio da Sa\u00fade: <a href=\"https:\/\/www.gov.br\/saude\/pt-br\/vacinacao\/calendario\">https:\/\/www.gov.br\/saude\/pt-br\/vacinacao\/calendario<\/a><\/strong><\/p>\n\n\n\n<figure class=\"wp-block-gallery has-nested-images columns-default is-cropped wp-block-gallery-1 is-layout-flex wp-block-gallery-is-layout-flex\">\n<figure class=\"wp-block-image size-large\"><img loading=\"lazy\" decoding=\"async\" width=\"720\" height=\"899\" data-id=\"29026\" src=\"https:\/\/radiostudiow.com.br\/site\/wp-content\/uploads\/2024\/10\/f741c529-2dc4-45d7-b984-3887fa171ca9.jpeg\" alt=\"\" class=\"wp-image-29026\" srcset=\"https:\/\/radiostudiow.com.br\/site\/wp-content\/uploads\/2024\/10\/f741c529-2dc4-45d7-b984-3887fa171ca9.jpeg 720w, https:\/\/radiostudiow.com.br\/site\/wp-content\/uploads\/2024\/10\/f741c529-2dc4-45d7-b984-3887fa171ca9-240x300.jpeg 240w\" sizes=\"auto, (max-width: 720px) 100vw, 720px\" \/><\/figure>\n\n\n\n<figure class=\"wp-block-image size-large\"><img loading=\"lazy\" decoding=\"async\" width=\"720\" height=\"898\" data-id=\"29025\" src=\"https:\/\/radiostudiow.com.br\/site\/wp-content\/uploads\/2024\/10\/90dd8a13-f65e-48c9-96b3-ac35eb353d37.jpeg\" alt=\"\" class=\"wp-image-29025\" srcset=\"https:\/\/radiostudiow.com.br\/site\/wp-content\/uploads\/2024\/10\/90dd8a13-f65e-48c9-96b3-ac35eb353d37.jpeg 720w, https:\/\/radiostudiow.com.br\/site\/wp-content\/uploads\/2024\/10\/90dd8a13-f65e-48c9-96b3-ac35eb353d37-241x300.jpeg 241w\" sizes=\"auto, (max-width: 720px) 100vw, 720px\" \/><\/figure>\n<\/figure>\n\n\n\n<figure class=\"wp-block-gallery has-nested-images columns-default is-cropped wp-block-gallery-2 is-layout-flex wp-block-gallery-is-layout-flex\">\n<figure class=\"wp-block-image size-large\"><img loading=\"lazy\" decoding=\"async\" width=\"720\" height=\"896\" data-id=\"29028\" src=\"https:\/\/radiostudiow.com.br\/site\/wp-content\/uploads\/2024\/10\/91deabcc-120c-420a-831d-1191da88d74c.jpeg\" alt=\"\" class=\"wp-image-29028\" srcset=\"https:\/\/radiostudiow.com.br\/site\/wp-content\/uploads\/2024\/10\/91deabcc-120c-420a-831d-1191da88d74c.jpeg 720w, https:\/\/radiostudiow.com.br\/site\/wp-content\/uploads\/2024\/10\/91deabcc-120c-420a-831d-1191da88d74c-241x300.jpeg 241w\" sizes=\"auto, (max-width: 720px) 100vw, 720px\" \/><\/figure>\n\n\n\n<figure class=\"wp-block-image size-large\"><img loading=\"lazy\" decoding=\"async\" width=\"720\" height=\"900\" data-id=\"29027\" src=\"https:\/\/radiostudiow.com.br\/site\/wp-content\/uploads\/2024\/10\/782e4982-1286-4253-9c96-0cbbda613a03.jpeg\" alt=\"\" class=\"wp-image-29027\" srcset=\"https:\/\/radiostudiow.com.br\/site\/wp-content\/uploads\/2024\/10\/782e4982-1286-4253-9c96-0cbbda613a03.jpeg 720w, https:\/\/radiostudiow.com.br\/site\/wp-content\/uploads\/2024\/10\/782e4982-1286-4253-9c96-0cbbda613a03-240x300.jpeg 240w\" sizes=\"auto, (max-width: 720px) 100vw, 720px\" \/><\/figure>\n<\/figure>\n\n\n\n<figure class=\"wp-block-image size-full\"><img loading=\"lazy\" decoding=\"async\" width=\"720\" height=\"896\" src=\"https:\/\/radiostudiow.com.br\/site\/wp-content\/uploads\/2024\/10\/8773004f-b65a-41c5-bdb0-9bba275e0d34.jpeg\" alt=\"\" class=\"wp-image-29030\" srcset=\"https:\/\/radiostudiow.com.br\/site\/wp-content\/uploads\/2024\/10\/8773004f-b65a-41c5-bdb0-9bba275e0d34.jpeg 720w, https:\/\/radiostudiow.com.br\/site\/wp-content\/uploads\/2024\/10\/8773004f-b65a-41c5-bdb0-9bba275e0d34-241x300.jpeg 241w\" sizes=\"auto, (max-width: 720px) 100vw, 720px\" \/><\/figure>\n","protected":false},"excerpt":{"rendered":"<p>A vacina \u00e9 um direito de todos! No Brasil, as pol\u00edticas p\u00fablicas de imuniza\u00e7\u00e3o s\u00e3o consideradas refer\u00eancia mundial h\u00e1 d\u00e9cadas. Gra\u00e7as ao Programa Nacional de Imuniza\u00e7\u00f5es (PNI), formulado em 1973 e institu\u00eddo pela Lei 6.259\/75, respons\u00e1vel pela distribui\u00e7\u00e3o de vacinas por meio do Sistema \u00danico de Sa\u00fade (SUS), in\u00fameras doen\u00e7as deixaram de ser consideradas problema [&hellip;]<\/p>\n","protected":false},"author":2,"featured_media":29024,"comment_status":"open","ping_status":"open","sticky":false,"template":"","format":"standard","meta":{"footnotes":""},"categories":[182],"tags":[172],"class_list":["post-29019","post","type-post","status-publish","format-standard","has-post-thumbnail","hentry","category-saude","tag-featured"],"amp_enabled":true,"_links":{"self":[{"href":"https:\/\/radiostudiow.com.br\/site\/wp-json\/wp\/v2\/posts\/29019","targetHints":{"allow":["GET"]}}],"collection":[{"href":"https:\/\/radiostudiow.com.br\/site\/wp-json\/wp\/v2\/posts"}],"about":[{"href":"https:\/\/radiostudiow.com.br\/site\/wp-json\/wp\/v2\/types\/post"}],"author":[{"embeddable":true,"href":"https:\/\/radiostudiow.com.br\/site\/wp-json\/wp\/v2\/users\/2"}],"replies":[{"embeddable":true,"href":"https:\/\/radiostudiow.com.br\/site\/wp-json\/wp\/v2\/comments?post=29019"}],"version-history":[{"count":2,"href":"https:\/\/radiostudiow.com.br\/site\/wp-json\/wp\/v2\/posts\/29019\/revisions"}],"predecessor-version":[{"id":29031,"href":"https:\/\/radiostudiow.com.br\/site\/wp-json\/wp\/v2\/posts\/29019\/revisions\/29031"}],"wp:featuredmedia":[{"embeddable":true,"href":"https:\/\/radiostudiow.com.br\/site\/wp-json\/wp\/v2\/media\/29024"}],"wp:attachment":[{"href":"https:\/\/radiostudiow.com.br\/site\/wp-json\/wp\/v2\/media?parent=29019"}],"wp:term":[{"taxonomy":"category","embeddable":true,"href":"https:\/\/radiostudiow.com.br\/site\/wp-json\/wp\/v2\/categories?post=29019"},{"taxonomy":"post_tag","embeddable":true,"href":"https:\/\/radiostudiow.com.br\/site\/wp-json\/wp\/v2\/tags?post=29019"}],"curies":[{"name":"wp","href":"https:\/\/api.w.org\/{rel}","templated":true}]}}