{"id":29034,"date":"2024-10-19T09:01:47","date_gmt":"2024-10-19T12:01:47","guid":{"rendered":"https:\/\/radiostudiow.com.br\/site\/?p=29034"},"modified":"2025-01-31T14:58:20","modified_gmt":"2025-01-31T17:58:20","slug":"acidente-e-conflito-em-alta-velocidade-resulta-em-prisoes-na-cidade-de-general-carneiro","status":"publish","type":"post","link":"https:\/\/radiostudiow.com.br\/site\/2024\/10\/19\/acidente-e-conflito-em-alta-velocidade-resulta-em-prisoes-na-cidade-de-general-carneiro\/","title":{"rendered":"Acidente e conflito em alta velocidade resulta em pris\u00f5es na cidade de General Carneiro"},"content":{"rendered":"\n<p>A equipe da Pol\u00edcia Militar de General Carneiro estava realizando patrulhamento quando avistou um ve\u00edculo Gol preto trafegando em alta velocidade.&nbsp;O motorista, ao tentar acelerar, entrou na contram\u00e3o e atropelou um pedestre que estava na cal\u00e7ada. A situa\u00e7\u00e3o foi registrada por volta das 21:30 horas dessa quinta-feira (17).<\/p>\n\n\n\n<figure class=\"wp-block-image size-full\"><img loading=\"lazy\" decoding=\"async\" width=\"598\" height=\"204\" src=\"https:\/\/radiostudiow.com.br\/site\/wp-content\/uploads\/2024\/10\/labirati.png\" alt=\"\" class=\"wp-image-28854\" srcset=\"https:\/\/radiostudiow.com.br\/site\/wp-content\/uploads\/2024\/10\/labirati.png 598w, https:\/\/radiostudiow.com.br\/site\/wp-content\/uploads\/2024\/10\/labirati-300x102.png 300w\" sizes=\"auto, (max-width: 598px) 100vw, 598px\" \/><\/figure>\n\n\n\n<p>Ap\u00f3s o acidente, o pedestre, que estava de posse de uma fac\u00e3o, iniciou uma luta corporal com o condutor do ve\u00edculo. A equipe policial rapidamente interviu e abordou ambos os envolvidos na situa\u00e7\u00e3o.<\/p>\n\n\n\n<p>Devido \u00e0 gravidade do incidente, os homens foram levados para o Hospital de General Carneiro para receber atendimento m\u00e9dico. Ap\u00f3s os cuidados necess\u00e1rios, ambos foram encaminhados \u00e0 Delegacia de Uni\u00e3o da Vit\u00f3ria para a realiza\u00e7\u00e3o dos procedimentos legais.<\/p>\n","protected":false},"excerpt":{"rendered":"<p>A equipe da Pol\u00edcia Militar de General Carneiro estava realizando patrulhamento quando avistou um ve\u00edculo Gol preto trafegando em alta velocidade.&nbsp;O motorista, ao tentar acelerar, entrou na contram\u00e3o e atropelou um pedestre que estava na cal\u00e7ada. A situa\u00e7\u00e3o foi registrada por volta das 21:30 horas dessa quinta-feira (17). Ap\u00f3s o acidente, o pedestre, que estava [&hellip;]<\/p>\n","protected":false},"author":2,"featured_media":21681,"comment_status":"open","ping_status":"open","sticky":false,"template":"","format":"standard","meta":{"footnotes":""},"categories":[2],"tags":[172],"class_list":["post-29034","post","type-post","status-publish","format-standard","has-post-thumbnail","hentry","category-policial","tag-featured"],"amp_enabled":true,"_links":{"self":[{"href":"https:\/\/radiostudiow.com.br\/site\/wp-json\/wp\/v2\/posts\/29034","targetHints":{"allow":["GET"]}}],"collection":[{"href":"https:\/\/radiostudiow.com.br\/site\/wp-json\/wp\/v2\/posts"}],"about":[{"href":"https:\/\/radiostudiow.com.br\/site\/wp-json\/wp\/v2\/types\/post"}],"author":[{"embeddable":true,"href":"https:\/\/radiostudiow.com.br\/site\/wp-json\/wp\/v2\/users\/2"}],"replies":[{"embeddable":true,"href":"https:\/\/radiostudiow.com.br\/site\/wp-json\/wp\/v2\/comments?post=29034"}],"version-history":[{"count":3,"href":"https:\/\/radiostudiow.com.br\/site\/wp-json\/wp\/v2\/posts\/29034\/revisions"}],"predecessor-version":[{"id":29071,"href":"https:\/\/radiostudiow.com.br\/site\/wp-json\/wp\/v2\/posts\/29034\/revisions\/29071"}],"wp:featuredmedia":[{"embeddable":true,"href":"https:\/\/radiostudiow.com.br\/site\/wp-json\/wp\/v2\/media\/21681"}],"wp:attachment":[{"href":"https:\/\/radiostudiow.com.br\/site\/wp-json\/wp\/v2\/media?parent=29034"}],"wp:term":[{"taxonomy":"category","embeddable":true,"href":"https:\/\/radiostudiow.com.br\/site\/wp-json\/wp\/v2\/categories?post=29034"},{"taxonomy":"post_tag","embeddable":true,"href":"https:\/\/radiostudiow.com.br\/site\/wp-json\/wp\/v2\/tags?post=29034"}],"curies":[{"name":"wp","href":"https:\/\/api.w.org\/{rel}","templated":true}]}}