{"id":29036,"date":"2024-10-18T19:05:33","date_gmt":"2024-10-18T22:05:33","guid":{"rendered":"https:\/\/radiostudiow.com.br\/site\/?p=29036"},"modified":"2025-01-31T14:58:20","modified_gmt":"2025-01-31T17:58:20","slug":"leei-programa-leitura-e-escrita-na-educacao-infantil","status":"publish","type":"post","link":"https:\/\/radiostudiow.com.br\/site\/2024\/10\/18\/leei-programa-leitura-e-escrita-na-educacao-infantil\/","title":{"rendered":"LEEI- Programa Leitura e Escrita na Educa\u00e7\u00e3o Infantil"},"content":{"rendered":"\n<p>Nesta quinta-feira, 17 de Outubro, correu nas depend\u00eancias da Escola Municipal Divino Esp\u00edrito Santo, o encontro presencial do Programa Leitura e Escrita na Educa\u00e7\u00e3o Infantil.<\/p>\n\n\n\n<figure class=\"wp-block-image size-full\"><img loading=\"lazy\" decoding=\"async\" width=\"897\" height=\"204\" src=\"https:\/\/radiostudiow.com.br\/site\/wp-content\/uploads\/2024\/08\/TIJOLAO.png\" alt=\"\" class=\"wp-image-25951\" srcset=\"https:\/\/radiostudiow.com.br\/site\/wp-content\/uploads\/2024\/08\/TIJOLAO.png 897w, https:\/\/radiostudiow.com.br\/site\/wp-content\/uploads\/2024\/08\/TIJOLAO-300x68.png 300w, https:\/\/radiostudiow.com.br\/site\/wp-content\/uploads\/2024\/08\/TIJOLAO-768x175.png 768w\" sizes=\"auto, (max-width: 897px) 100vw, 897px\" \/><\/figure>\n\n\n\n<p>Na oportunidade, estiveram presentes professores dos munic\u00edpios de Rebou\u00e7as e Mallet, foi um momento muito importante para trocas de experi\u00eancias e aperfei\u00e7oamento da pr\u00e1tica docente. <\/p>\n\n\n\n<p>Agradecemos a formadora professora Eliane pela media\u00e7\u00e3o do encontro e a todos os demais professores que estiveram presentes nesse momento especial.<\/p>\n\n\n\n<figure class=\"wp-block-gallery has-nested-images columns-default is-cropped wp-block-gallery-1 is-layout-flex wp-block-gallery-is-layout-flex\">\n<figure class=\"wp-block-image size-large\"><img loading=\"lazy\" decoding=\"async\" width=\"1024\" height=\"768\" data-id=\"29049\" src=\"https:\/\/radiostudiow.com.br\/site\/wp-content\/uploads\/2024\/10\/463621269_859024953088121_6965535500361620644_n-1024x768.jpg\" alt=\"\" class=\"wp-image-29049\" srcset=\"https:\/\/radiostudiow.com.br\/site\/wp-content\/uploads\/2024\/10\/463621269_859024953088121_6965535500361620644_n-1024x768.jpg 1024w, https:\/\/radiostudiow.com.br\/site\/wp-content\/uploads\/2024\/10\/463621269_859024953088121_6965535500361620644_n-300x225.jpg 300w, https:\/\/radiostudiow.com.br\/site\/wp-content\/uploads\/2024\/10\/463621269_859024953088121_6965535500361620644_n-768x576.jpg 768w, https:\/\/radiostudiow.com.br\/site\/wp-content\/uploads\/2024\/10\/463621269_859024953088121_6965535500361620644_n-1536x1152.jpg 1536w, https:\/\/radiostudiow.com.br\/site\/wp-content\/uploads\/2024\/10\/463621269_859024953088121_6965535500361620644_n.jpg 2048w\" sizes=\"auto, (max-width: 1024px) 100vw, 1024px\" \/><\/figure>\n\n\n\n<figure class=\"wp-block-image size-large\"><img loading=\"lazy\" decoding=\"async\" width=\"1024\" height=\"768\" data-id=\"29048\" src=\"https:\/\/radiostudiow.com.br\/site\/wp-content\/uploads\/2024\/10\/463730552_859024693088147_6199605417634970303_n-1024x768.jpg\" alt=\"\" class=\"wp-image-29048\" srcset=\"https:\/\/radiostudiow.com.br\/site\/wp-content\/uploads\/2024\/10\/463730552_859024693088147_6199605417634970303_n-1024x768.jpg 1024w, https:\/\/radiostudiow.com.br\/site\/wp-content\/uploads\/2024\/10\/463730552_859024693088147_6199605417634970303_n-300x225.jpg 300w, https:\/\/radiostudiow.com.br\/site\/wp-content\/uploads\/2024\/10\/463730552_859024693088147_6199605417634970303_n-768x576.jpg 768w, https:\/\/radiostudiow.com.br\/site\/wp-content\/uploads\/2024\/10\/463730552_859024693088147_6199605417634970303_n-1536x1152.jpg 1536w, https:\/\/radiostudiow.com.br\/site\/wp-content\/uploads\/2024\/10\/463730552_859024693088147_6199605417634970303_n.jpg 2048w\" sizes=\"auto, (max-width: 1024px) 100vw, 1024px\" \/><\/figure>\n<\/figure>\n","protected":false},"excerpt":{"rendered":"<p>Nesta quinta-feira, 17 de Outubro, correu nas depend\u00eancias da Escola Municipal Divino Esp\u00edrito Santo, o encontro presencial do Programa Leitura e Escrita na Educa\u00e7\u00e3o Infantil. Na oportunidade, estiveram presentes professores dos munic\u00edpios de Rebou\u00e7as e Mallet, foi um momento muito importante para trocas de experi\u00eancias e aperfei\u00e7oamento da pr\u00e1tica docente. Agradecemos a formadora professora Eliane [&hellip;]<\/p>\n","protected":false},"author":2,"featured_media":29046,"comment_status":"open","ping_status":"open","sticky":false,"template":"","format":"standard","meta":{"footnotes":""},"categories":[184],"tags":[172],"class_list":["post-29036","post","type-post","status-publish","format-standard","has-post-thumbnail","hentry","category-local","tag-featured"],"amp_enabled":true,"_links":{"self":[{"href":"https:\/\/radiostudiow.com.br\/site\/wp-json\/wp\/v2\/posts\/29036","targetHints":{"allow":["GET"]}}],"collection":[{"href":"https:\/\/radiostudiow.com.br\/site\/wp-json\/wp\/v2\/posts"}],"about":[{"href":"https:\/\/radiostudiow.com.br\/site\/wp-json\/wp\/v2\/types\/post"}],"author":[{"embeddable":true,"href":"https:\/\/radiostudiow.com.br\/site\/wp-json\/wp\/v2\/users\/2"}],"replies":[{"embeddable":true,"href":"https:\/\/radiostudiow.com.br\/site\/wp-json\/wp\/v2\/comments?post=29036"}],"version-history":[{"count":3,"href":"https:\/\/radiostudiow.com.br\/site\/wp-json\/wp\/v2\/posts\/29036\/revisions"}],"predecessor-version":[{"id":29051,"href":"https:\/\/radiostudiow.com.br\/site\/wp-json\/wp\/v2\/posts\/29036\/revisions\/29051"}],"wp:featuredmedia":[{"embeddable":true,"href":"https:\/\/radiostudiow.com.br\/site\/wp-json\/wp\/v2\/media\/29046"}],"wp:attachment":[{"href":"https:\/\/radiostudiow.com.br\/site\/wp-json\/wp\/v2\/media?parent=29036"}],"wp:term":[{"taxonomy":"category","embeddable":true,"href":"https:\/\/radiostudiow.com.br\/site\/wp-json\/wp\/v2\/categories?post=29036"},{"taxonomy":"post_tag","embeddable":true,"href":"https:\/\/radiostudiow.com.br\/site\/wp-json\/wp\/v2\/tags?post=29036"}],"curies":[{"name":"wp","href":"https:\/\/api.w.org\/{rel}","templated":true}]}}