{"id":29055,"date":"2024-10-18T19:07:28","date_gmt":"2024-10-18T22:07:28","guid":{"rendered":"https:\/\/radiostudiow.com.br\/site\/?p=29055"},"modified":"2025-01-31T14:58:20","modified_gmt":"2025-01-31T17:58:20","slug":"homem-e-preso-apos-furto-de-equipamentos-em-sao-mateus-do-sul-itens-foram-encontrados-em-terreno","status":"publish","type":"post","link":"https:\/\/radiostudiow.com.br\/site\/2024\/10\/18\/homem-e-preso-apos-furto-de-equipamentos-em-sao-mateus-do-sul-itens-foram-encontrados-em-terreno\/","title":{"rendered":"Homem \u00e9 preso ap\u00f3s furto de equipamentos em S\u00e3o Mateus do Sul"},"content":{"rendered":"\n<p>Solicitante informou que na noite do dia 16 de outubro de 2024, um indiv\u00edduo de moletom e cal\u00e7a preta, entrou em seu barrac\u00e3o por volta das 22 horas, arrombou a porta e levou uma m\u00e1quina de solda da marca Volder, modelo RIV 136 e uma esmerilhadeira da marca Bosch, modelo profissional GWS 28-180.<\/p>\n\n\n\n<figure class=\"wp-block-image size-large\"><img decoding=\"async\" src=\"https:\/\/radiostudiow.com.br\/site\/wp-content\/uploads\/2024\/10\/zm_0002_24AG_anuncio_261x83mm-1024x359.png\" alt=\"\" class=\"wp-image-28224\"\/><\/figure>\n\n\n\n<p>O solicitante ainda apresentou a filmagem das c\u00e2meras de seguran\u00e7a do momento do furto.<\/p>\n\n\n\n<p>Equipe de posse das informa\u00e7\u00f5es, deslocou at\u00e9 a localidade da Usina Velha, onde o poss\u00edvel autor tem costume de ficar. Chegando no local foi abordado o suspeito. O autor informou que havia escondido no mato.<\/p>\n\n\n\n<p>Foi localizado os equipamentos, dado voz de pris\u00e3o ao autor, sendo posteriormente conduzido at\u00e9 a delegacia de S\u00e3o Mateus do Sul.<\/p>\n","protected":false},"excerpt":{"rendered":"<p>Solicitante informou que na noite do dia 16 de outubro de 2024, um indiv\u00edduo de moletom e cal\u00e7a preta, entrou em seu barrac\u00e3o por volta das 22 horas, arrombou a porta e levou uma m\u00e1quina de solda da marca Volder, modelo RIV 136 e uma esmerilhadeira da marca Bosch, modelo profissional GWS 28-180. O solicitante [&hellip;]<\/p>\n","protected":false},"author":2,"featured_media":29056,"comment_status":"open","ping_status":"open","sticky":false,"template":"","format":"standard","meta":{"footnotes":""},"categories":[2],"tags":[172],"class_list":["post-29055","post","type-post","status-publish","format-standard","has-post-thumbnail","hentry","category-policial","tag-featured"],"amp_enabled":true,"_links":{"self":[{"href":"https:\/\/radiostudiow.com.br\/site\/wp-json\/wp\/v2\/posts\/29055","targetHints":{"allow":["GET"]}}],"collection":[{"href":"https:\/\/radiostudiow.com.br\/site\/wp-json\/wp\/v2\/posts"}],"about":[{"href":"https:\/\/radiostudiow.com.br\/site\/wp-json\/wp\/v2\/types\/post"}],"author":[{"embeddable":true,"href":"https:\/\/radiostudiow.com.br\/site\/wp-json\/wp\/v2\/users\/2"}],"replies":[{"embeddable":true,"href":"https:\/\/radiostudiow.com.br\/site\/wp-json\/wp\/v2\/comments?post=29055"}],"version-history":[{"count":2,"href":"https:\/\/radiostudiow.com.br\/site\/wp-json\/wp\/v2\/posts\/29055\/revisions"}],"predecessor-version":[{"id":29058,"href":"https:\/\/radiostudiow.com.br\/site\/wp-json\/wp\/v2\/posts\/29055\/revisions\/29058"}],"wp:featuredmedia":[{"embeddable":true,"href":"https:\/\/radiostudiow.com.br\/site\/wp-json\/wp\/v2\/media\/29056"}],"wp:attachment":[{"href":"https:\/\/radiostudiow.com.br\/site\/wp-json\/wp\/v2\/media?parent=29055"}],"wp:term":[{"taxonomy":"category","embeddable":true,"href":"https:\/\/radiostudiow.com.br\/site\/wp-json\/wp\/v2\/categories?post=29055"},{"taxonomy":"post_tag","embeddable":true,"href":"https:\/\/radiostudiow.com.br\/site\/wp-json\/wp\/v2\/tags?post=29055"}],"curies":[{"name":"wp","href":"https:\/\/api.w.org\/{rel}","templated":true}]}}