{"id":29060,"date":"2024-10-18T21:30:17","date_gmt":"2024-10-19T00:30:17","guid":{"rendered":"https:\/\/radiostudiow.com.br\/site\/?p=29060"},"modified":"2025-01-31T14:58:20","modified_gmt":"2025-01-31T17:58:20","slug":"acidente-envolve-onibus-e-caminhao-na-br-153-entre-mallet-e-rio-azul","status":"publish","type":"post","link":"https:\/\/radiostudiow.com.br\/site\/2024\/10\/18\/acidente-envolve-onibus-e-caminhao-na-br-153-entre-mallet-e-rio-azul\/","title":{"rendered":"Homem fica ferido em acidente envolvendo caminh\u00e3o e \u00f4nibus em Rio Azul"},"content":{"rendered":"\n<p>Condutor do \u00f4nibus, de 47 anos, sofreu ferimentos leves e foi encaminhado at\u00e9 o hospital de Rio Azul, pela equipe do SAMU.<\/p>\n\n\n\n<p>A Pol\u00edcia Rodovi\u00e1ria Federal (PRF) atendeu um acidente do tipo colis\u00e3o traseira envolvendo dois ve\u00edculos e resultando em uma pessoa lesionada, nesta tarde 18\/10, por volta das 16h00 na BR-153 km 376 em Rio Azul.<\/p>\n\n\n\n<figure class=\"wp-block-image size-full\"><img loading=\"lazy\" decoding=\"async\" width=\"897\" height=\"204\" src=\"https:\/\/radiostudiow.com.br\/site\/wp-content\/uploads\/2024\/04\/image-38.png\" alt=\"\" class=\"wp-image-21308\" srcset=\"https:\/\/radiostudiow.com.br\/site\/wp-content\/uploads\/2024\/04\/image-38.png 897w, https:\/\/radiostudiow.com.br\/site\/wp-content\/uploads\/2024\/04\/image-38-300x68.png 300w, https:\/\/radiostudiow.com.br\/site\/wp-content\/uploads\/2024\/04\/image-38-768x175.png 768w\" sizes=\"auto, (max-width: 897px) 100vw, 897px\" \/><\/figure>\n\n\n\n<p>Os ve\u00edculos envolvidos foram: um CAMINH\u00c3O M.BENZ de cor vermelha com placas de Mambore-PR e um \u00d4NIBUS M. BENZ de cor branca com placas de Mallet-PR.<\/p>\n\n\n\n<p>O condutor do caminh\u00e3o, de 41 anos, e os passageiros, de 18 e 19 anos permanecem ilesos. Houve interdi\u00e7\u00e3o parcial da rodovia at\u00e9 a remo\u00e7\u00e3o dos ve\u00edculos.<\/p>\n\n\n\n<figure class=\"wp-block-gallery has-nested-images columns-default is-cropped wp-block-gallery-1 is-layout-flex wp-block-gallery-is-layout-flex\">\n<figure class=\"wp-block-image size-large\"><img loading=\"lazy\" decoding=\"async\" width=\"576\" height=\"1024\" data-id=\"29064\" src=\"https:\/\/radiostudiow.com.br\/site\/wp-content\/uploads\/2024\/10\/b25ad0d8-e517-4527-af14-18513c6542c5-576x1024.jpeg\" alt=\"\" class=\"wp-image-29064\" srcset=\"https:\/\/radiostudiow.com.br\/site\/wp-content\/uploads\/2024\/10\/b25ad0d8-e517-4527-af14-18513c6542c5-576x1024.jpeg 576w, https:\/\/radiostudiow.com.br\/site\/wp-content\/uploads\/2024\/10\/b25ad0d8-e517-4527-af14-18513c6542c5-169x300.jpeg 169w, https:\/\/radiostudiow.com.br\/site\/wp-content\/uploads\/2024\/10\/b25ad0d8-e517-4527-af14-18513c6542c5.jpeg 720w\" sizes=\"auto, (max-width: 576px) 100vw, 576px\" \/><\/figure>\n\n\n\n<figure class=\"wp-block-image size-large\"><img loading=\"lazy\" decoding=\"async\" width=\"576\" height=\"1024\" data-id=\"29063\" src=\"https:\/\/radiostudiow.com.br\/site\/wp-content\/uploads\/2024\/10\/9e06beb1-e2bc-4d65-a6b4-3bd97f078682-576x1024.jpeg\" alt=\"\" class=\"wp-image-29063\" srcset=\"https:\/\/radiostudiow.com.br\/site\/wp-content\/uploads\/2024\/10\/9e06beb1-e2bc-4d65-a6b4-3bd97f078682-576x1024.jpeg 576w, https:\/\/radiostudiow.com.br\/site\/wp-content\/uploads\/2024\/10\/9e06beb1-e2bc-4d65-a6b4-3bd97f078682-169x300.jpeg 169w, https:\/\/radiostudiow.com.br\/site\/wp-content\/uploads\/2024\/10\/9e06beb1-e2bc-4d65-a6b4-3bd97f078682.jpeg 720w\" sizes=\"auto, (max-width: 576px) 100vw, 576px\" \/><\/figure>\n<\/figure>\n\n\n\n<p>Informa\u00e7\u00f5es PRF<br>Imagem PRF\/Rede Social<\/p>\n","protected":false},"excerpt":{"rendered":"<p>Condutor do \u00f4nibus, de 47 anos, sofreu ferimentos leves e foi encaminhado at\u00e9 o hospital de Rio Azul, pela equipe do SAMU. A Pol\u00edcia Rodovi\u00e1ria Federal (PRF) atendeu um acidente do tipo colis\u00e3o traseira envolvendo dois ve\u00edculos e resultando em uma pessoa lesionada, nesta tarde 18\/10, por volta das 16h00 na BR-153 km 376 em [&hellip;]<\/p>\n","protected":false},"author":2,"featured_media":29065,"comment_status":"open","ping_status":"open","sticky":false,"template":"","format":"standard","meta":{"footnotes":""},"categories":[185],"tags":[172],"class_list":["post-29060","post","type-post","status-publish","format-standard","has-post-thumbnail","hentry","category-regional","tag-featured"],"amp_enabled":true,"_links":{"self":[{"href":"https:\/\/radiostudiow.com.br\/site\/wp-json\/wp\/v2\/posts\/29060","targetHints":{"allow":["GET"]}}],"collection":[{"href":"https:\/\/radiostudiow.com.br\/site\/wp-json\/wp\/v2\/posts"}],"about":[{"href":"https:\/\/radiostudiow.com.br\/site\/wp-json\/wp\/v2\/types\/post"}],"author":[{"embeddable":true,"href":"https:\/\/radiostudiow.com.br\/site\/wp-json\/wp\/v2\/users\/2"}],"replies":[{"embeddable":true,"href":"https:\/\/radiostudiow.com.br\/site\/wp-json\/wp\/v2\/comments?post=29060"}],"version-history":[{"count":3,"href":"https:\/\/radiostudiow.com.br\/site\/wp-json\/wp\/v2\/posts\/29060\/revisions"}],"predecessor-version":[{"id":29068,"href":"https:\/\/radiostudiow.com.br\/site\/wp-json\/wp\/v2\/posts\/29060\/revisions\/29068"}],"wp:featuredmedia":[{"embeddable":true,"href":"https:\/\/radiostudiow.com.br\/site\/wp-json\/wp\/v2\/media\/29065"}],"wp:attachment":[{"href":"https:\/\/radiostudiow.com.br\/site\/wp-json\/wp\/v2\/media?parent=29060"}],"wp:term":[{"taxonomy":"category","embeddable":true,"href":"https:\/\/radiostudiow.com.br\/site\/wp-json\/wp\/v2\/categories?post=29060"},{"taxonomy":"post_tag","embeddable":true,"href":"https:\/\/radiostudiow.com.br\/site\/wp-json\/wp\/v2\/tags?post=29060"}],"curies":[{"name":"wp","href":"https:\/\/api.w.org\/{rel}","templated":true}]}}