{"id":29072,"date":"2024-10-19T09:03:47","date_gmt":"2024-10-19T12:03:47","guid":{"rendered":"https:\/\/radiostudiow.com.br\/site\/?p=29072"},"modified":"2025-01-31T14:58:19","modified_gmt":"2025-01-31T17:58:19","slug":"homem-e-detido-com-espingarda-em-uniao-da-vitoria","status":"publish","type":"post","link":"https:\/\/radiostudiow.com.br\/site\/2024\/10\/19\/homem-e-detido-com-espingarda-em-uniao-da-vitoria\/","title":{"rendered":"Homem \u00e9 detido com espingarda em Uni\u00e3o da Vit\u00f3ria"},"content":{"rendered":"\n<p>Durante patrulhamento da Pol\u00edcia Militar de Uni\u00e3o da Vit\u00f3ria, na regi\u00e3o de S\u00e3o Crist\u00f3v\u00e3o por volta das 18h29 da noite desta quinta-feira, 17 de Outubro, abordou um ve\u00edculo VW\/Saveiro.<\/p>\n\n\n\n<p>Durante a abordagem, os policiais verificaram que o carro possu\u00eda dois ocupantes, na busca pessoal em ambos n\u00e3o resultou na apreens\u00e3o de itens il\u00edcitos, mas uma busca veicular revelou uma situa\u00e7\u00e3o preocupante. Atr\u00e1s do banco do motorista, foi encontrada uma espingarda calibre .22, marca CBC, do tipo carabina, que estava municiada e carregada com um carregador.<\/p>\n\n\n\n<figure class=\"wp-block-image size-full\"><img loading=\"lazy\" decoding=\"async\" width=\"900\" height=\"408\" src=\"https:\/\/radiostudiow.com.br\/site\/wp-content\/uploads\/2024\/09\/image-64-1.png\" alt=\"\" class=\"wp-image-28207\" srcset=\"https:\/\/radiostudiow.com.br\/site\/wp-content\/uploads\/2024\/09\/image-64-1.png 900w, https:\/\/radiostudiow.com.br\/site\/wp-content\/uploads\/2024\/09\/image-64-1-300x136.png 300w, https:\/\/radiostudiow.com.br\/site\/wp-content\/uploads\/2024\/09\/image-64-1-768x348.png 768w\" sizes=\"auto, (max-width: 900px) 100vw, 900px\" \/><\/figure>\n\n\n\n<p>O ocupante do ve\u00edculo n\u00e3o possu\u00eda qualquer tipo de guia de tr\u00e1fego ou autoriza\u00e7\u00e3o para portar a arma, configurando uma infra\u00e7\u00e3o grave.<\/p>\n\n\n\n<p>Em consulta no sistemas informatizados, a equipe constatou que o condutor estava com a Carteira Nacional de Habilita\u00e7\u00e3o (CNH) vencida h\u00e1 mais de 30 dias, resultando na lavratura de uma infra\u00e7\u00e3o de tr\u00e2nsito.<\/p>\n\n\n\n<p>Diante dos fatos, o homem foi detido e encaminhado \u00e0 4\u00aa Subdivis\u00e3o Policial de Uni\u00e3o da Vit\u00f3ria, onde as devidas provid\u00eancias legais foram tomadas. A a\u00e7\u00e3o ressalta a import\u00e2ncia da fiscaliza\u00e7\u00e3o e o combate ao porte ilegal de armas na regi\u00e3o.<\/p>\n","protected":false},"excerpt":{"rendered":"<p>Durante patrulhamento da Pol\u00edcia Militar de Uni\u00e3o da Vit\u00f3ria, na regi\u00e3o de S\u00e3o Crist\u00f3v\u00e3o por volta das 18h29 da noite desta quinta-feira, 17 de Outubro, abordou um ve\u00edculo VW\/Saveiro. Durante a abordagem, os policiais verificaram que o carro possu\u00eda dois ocupantes, na busca pessoal em ambos n\u00e3o resultou na apreens\u00e3o de itens il\u00edcitos, mas uma [&hellip;]<\/p>\n","protected":false},"author":2,"featured_media":29073,"comment_status":"open","ping_status":"open","sticky":false,"template":"","format":"standard","meta":{"footnotes":""},"categories":[2],"tags":[172],"class_list":["post-29072","post","type-post","status-publish","format-standard","has-post-thumbnail","hentry","category-policial","tag-featured"],"amp_enabled":true,"_links":{"self":[{"href":"https:\/\/radiostudiow.com.br\/site\/wp-json\/wp\/v2\/posts\/29072","targetHints":{"allow":["GET"]}}],"collection":[{"href":"https:\/\/radiostudiow.com.br\/site\/wp-json\/wp\/v2\/posts"}],"about":[{"href":"https:\/\/radiostudiow.com.br\/site\/wp-json\/wp\/v2\/types\/post"}],"author":[{"embeddable":true,"href":"https:\/\/radiostudiow.com.br\/site\/wp-json\/wp\/v2\/users\/2"}],"replies":[{"embeddable":true,"href":"https:\/\/radiostudiow.com.br\/site\/wp-json\/wp\/v2\/comments?post=29072"}],"version-history":[{"count":1,"href":"https:\/\/radiostudiow.com.br\/site\/wp-json\/wp\/v2\/posts\/29072\/revisions"}],"predecessor-version":[{"id":29074,"href":"https:\/\/radiostudiow.com.br\/site\/wp-json\/wp\/v2\/posts\/29072\/revisions\/29074"}],"wp:featuredmedia":[{"embeddable":true,"href":"https:\/\/radiostudiow.com.br\/site\/wp-json\/wp\/v2\/media\/29073"}],"wp:attachment":[{"href":"https:\/\/radiostudiow.com.br\/site\/wp-json\/wp\/v2\/media?parent=29072"}],"wp:term":[{"taxonomy":"category","embeddable":true,"href":"https:\/\/radiostudiow.com.br\/site\/wp-json\/wp\/v2\/categories?post=29072"},{"taxonomy":"post_tag","embeddable":true,"href":"https:\/\/radiostudiow.com.br\/site\/wp-json\/wp\/v2\/tags?post=29072"}],"curies":[{"name":"wp","href":"https:\/\/api.w.org\/{rel}","templated":true}]}}