{"id":29075,"date":"2024-10-19T09:17:02","date_gmt":"2024-10-19T12:17:02","guid":{"rendered":"https:\/\/radiostudiow.com.br\/site\/?p=29075"},"modified":"2025-01-31T14:58:19","modified_gmt":"2025-01-31T17:58:19","slug":"pc-prende-homem-em-flagrante-por-furto-mediante-fraude-em-uniao-da-vitoria","status":"publish","type":"post","link":"https:\/\/radiostudiow.com.br\/site\/2024\/10\/19\/pc-prende-homem-em-flagrante-por-furto-mediante-fraude-em-uniao-da-vitoria\/","title":{"rendered":"PC prende homem em flagrante por furto mediante fraude em Uni\u00e3o da Vit\u00f3ria"},"content":{"rendered":"\n<p>A Pol\u00edcia Civil do Paran\u00e1 atrav\u00e9s da 4\u00aa SDP de Uni\u00e3o da Vit\u00f3ria, agiu rapidamente ao prender um homem de 63 anos em flagrante por furto qualificado mediante fraude em Uni\u00e3o da Vit\u00f3ria.<\/p>\n\n\n\n<figure class=\"wp-block-image size-full\"><img decoding=\"async\" src=\"https:\/\/radiostudiow.com.br\/site\/wp-content\/uploads\/2024\/04\/image-58.png\" alt=\"\" class=\"wp-image-21416\"\/><\/figure>\n\n\n\n<p>O indiv\u00edduo encontrou um cart\u00e3o de cr\u00e9dito que n\u00e3o lhe pertencia e passou a utiliz\u00e1-lo em diversos estabelecimentos comerciais da cidade.<\/p>\n\n\n\n<p>A v\u00edtima procurou a unidade policial para relatar que ap\u00f3s o extravio do cart\u00e3o banc\u00e1rio, seu aplicativo\/extrato mostrava v\u00e1rias transa\u00e7\u00f5es que estavam sendo realizadas sem a sua autoriza\u00e7\u00e3o, indicando o uso indevido do cart\u00e3o extraviado.<\/p>\n\n\n\n<figure class=\"wp-block-image size-full\"><img loading=\"lazy\" decoding=\"async\" width=\"300\" height=\"180\" src=\"https:\/\/radiostudiow.com.br\/site\/wp-content\/uploads\/2024\/04\/SITE-PEQUENO.png\" alt=\"\" class=\"wp-image-21712\"\/><\/figure>\n\n\n\n<p>Com as informa\u00e7\u00f5es em m\u00e3os, a pol\u00edcia conseguiu identificar e prender o suspeito, que foi conduzido \u00e0 delegacia, onde as devidas provid\u00eancias legais foram tomadas pela autoridade policial.<\/p>\n\n\n\n<p>Esse caso destaca a import\u00e2ncia da vigil\u00e2ncia e da den\u00fancia em situa\u00e7\u00f5es de crimes financeiros, al\u00e9m do trabalho eficaz das autoridades na prote\u00e7\u00e3o dos cidad\u00e3os.<\/p>\n","protected":false},"excerpt":{"rendered":"<p>A Pol\u00edcia Civil do Paran\u00e1 atrav\u00e9s da 4\u00aa SDP de Uni\u00e3o da Vit\u00f3ria, agiu rapidamente ao prender um homem de 63 anos em flagrante por furto qualificado mediante fraude em Uni\u00e3o da Vit\u00f3ria. O indiv\u00edduo encontrou um cart\u00e3o de cr\u00e9dito que n\u00e3o lhe pertencia e passou a utiliz\u00e1-lo em diversos estabelecimentos comerciais da cidade. A [&hellip;]<\/p>\n","protected":false},"author":2,"featured_media":29077,"comment_status":"open","ping_status":"open","sticky":false,"template":"","format":"standard","meta":{"footnotes":""},"categories":[2],"tags":[172],"class_list":["post-29075","post","type-post","status-publish","format-standard","has-post-thumbnail","hentry","category-policial","tag-featured"],"amp_enabled":true,"_links":{"self":[{"href":"https:\/\/radiostudiow.com.br\/site\/wp-json\/wp\/v2\/posts\/29075","targetHints":{"allow":["GET"]}}],"collection":[{"href":"https:\/\/radiostudiow.com.br\/site\/wp-json\/wp\/v2\/posts"}],"about":[{"href":"https:\/\/radiostudiow.com.br\/site\/wp-json\/wp\/v2\/types\/post"}],"author":[{"embeddable":true,"href":"https:\/\/radiostudiow.com.br\/site\/wp-json\/wp\/v2\/users\/2"}],"replies":[{"embeddable":true,"href":"https:\/\/radiostudiow.com.br\/site\/wp-json\/wp\/v2\/comments?post=29075"}],"version-history":[{"count":1,"href":"https:\/\/radiostudiow.com.br\/site\/wp-json\/wp\/v2\/posts\/29075\/revisions"}],"predecessor-version":[{"id":29078,"href":"https:\/\/radiostudiow.com.br\/site\/wp-json\/wp\/v2\/posts\/29075\/revisions\/29078"}],"wp:featuredmedia":[{"embeddable":true,"href":"https:\/\/radiostudiow.com.br\/site\/wp-json\/wp\/v2\/media\/29077"}],"wp:attachment":[{"href":"https:\/\/radiostudiow.com.br\/site\/wp-json\/wp\/v2\/media?parent=29075"}],"wp:term":[{"taxonomy":"category","embeddable":true,"href":"https:\/\/radiostudiow.com.br\/site\/wp-json\/wp\/v2\/categories?post=29075"},{"taxonomy":"post_tag","embeddable":true,"href":"https:\/\/radiostudiow.com.br\/site\/wp-json\/wp\/v2\/tags?post=29075"}],"curies":[{"name":"wp","href":"https:\/\/api.w.org\/{rel}","templated":true}]}}