{"id":29089,"date":"2024-10-19T11:33:20","date_gmt":"2024-10-19T14:33:20","guid":{"rendered":"https:\/\/radiostudiow.com.br\/site\/?p=29089"},"modified":"2025-01-31T14:58:19","modified_gmt":"2025-01-31T17:58:19","slug":"homem-e-preso-apos-furtas-televisao-de-residencia-em-general-carneiro","status":"publish","type":"post","link":"https:\/\/radiostudiow.com.br\/site\/2024\/10\/19\/homem-e-preso-apos-furtas-televisao-de-residencia-em-general-carneiro\/","title":{"rendered":"Homem \u00e9 preso ap\u00f3s furtas televis\u00e3o de resid\u00eancia em General Carneiro"},"content":{"rendered":"\n<p>Uma senhora compareceu ao pelot\u00e3o da Pol\u00edcia Militar de General Carneiro relatando que ao chegar em casa do trabalho encontrou a casa toda bagun\u00e7ada e observou que sua TV teria sido furtada. A situa\u00e7\u00e3o foi registrada por volta das 18:30 horas dessa sexta-feira (18).<\/p>\n\n\n\n<p>Em contato com vizinhos os quais relataram que um indiv\u00edduo conhecido na comunidade pela pratica de furto foi visto nas proximidades de sua resid\u00eancia.<\/p>\n\n\n\n<figure class=\"wp-block-image size-full\"><img loading=\"lazy\" decoding=\"async\" width=\"598\" height=\"204\" src=\"https:\/\/radiostudiow.com.br\/site\/wp-content\/uploads\/2024\/04\/image-39.png\" alt=\"\" class=\"wp-image-21311\" srcset=\"https:\/\/radiostudiow.com.br\/site\/wp-content\/uploads\/2024\/04\/image-39.png 598w, https:\/\/radiostudiow.com.br\/site\/wp-content\/uploads\/2024\/04\/image-39-300x102.png 300w\" sizes=\"auto, (max-width: 598px) 100vw, 598px\" \/><\/figure>\n\n\n\n<p>Equipe realizou buscas e encontrou uma casa abandonada nessa via, ent\u00e3o em baixo da casa escondido entre as madeiras foi localizado a Smart TV com as caracter\u00edsticas repassadas pela v\u00edtima.<\/p>\n\n\n\n<p>A equipe em dilig\u00eancias a procura pelo autor, at\u00e9 que em dado momento o mesmo retornou at\u00e9 o local que havia escondido a TV. Ao fazer a abordagem o autor confessou ter realizado o furto, diante dos fatos foram encaminhados para a 4\u00aa SDP de Uni\u00e3o da Vit\u00f3ria.<\/p>\n","protected":false},"excerpt":{"rendered":"<p>Uma senhora compareceu ao pelot\u00e3o da Pol\u00edcia Militar de General Carneiro relatando que ao chegar em casa do trabalho encontrou a casa toda bagun\u00e7ada e observou que sua TV teria sido furtada. A situa\u00e7\u00e3o foi registrada por volta das 18:30 horas dessa sexta-feira (18). Em contato com vizinhos os quais relataram que um indiv\u00edduo conhecido [&hellip;]<\/p>\n","protected":false},"author":2,"featured_media":29090,"comment_status":"open","ping_status":"open","sticky":false,"template":"","format":"standard","meta":{"footnotes":""},"categories":[2],"tags":[172],"class_list":["post-29089","post","type-post","status-publish","format-standard","has-post-thumbnail","hentry","category-policial","tag-featured"],"amp_enabled":true,"_links":{"self":[{"href":"https:\/\/radiostudiow.com.br\/site\/wp-json\/wp\/v2\/posts\/29089","targetHints":{"allow":["GET"]}}],"collection":[{"href":"https:\/\/radiostudiow.com.br\/site\/wp-json\/wp\/v2\/posts"}],"about":[{"href":"https:\/\/radiostudiow.com.br\/site\/wp-json\/wp\/v2\/types\/post"}],"author":[{"embeddable":true,"href":"https:\/\/radiostudiow.com.br\/site\/wp-json\/wp\/v2\/users\/2"}],"replies":[{"embeddable":true,"href":"https:\/\/radiostudiow.com.br\/site\/wp-json\/wp\/v2\/comments?post=29089"}],"version-history":[{"count":1,"href":"https:\/\/radiostudiow.com.br\/site\/wp-json\/wp\/v2\/posts\/29089\/revisions"}],"predecessor-version":[{"id":29091,"href":"https:\/\/radiostudiow.com.br\/site\/wp-json\/wp\/v2\/posts\/29089\/revisions\/29091"}],"wp:featuredmedia":[{"embeddable":true,"href":"https:\/\/radiostudiow.com.br\/site\/wp-json\/wp\/v2\/media\/29090"}],"wp:attachment":[{"href":"https:\/\/radiostudiow.com.br\/site\/wp-json\/wp\/v2\/media?parent=29089"}],"wp:term":[{"taxonomy":"category","embeddable":true,"href":"https:\/\/radiostudiow.com.br\/site\/wp-json\/wp\/v2\/categories?post=29089"},{"taxonomy":"post_tag","embeddable":true,"href":"https:\/\/radiostudiow.com.br\/site\/wp-json\/wp\/v2\/tags?post=29089"}],"curies":[{"name":"wp","href":"https:\/\/api.w.org\/{rel}","templated":true}]}}