{"id":29095,"date":"2024-10-21T00:59:54","date_gmt":"2024-10-21T03:59:54","guid":{"rendered":"https:\/\/radiostudiow.com.br\/site\/?p=29095"},"modified":"2025-01-31T14:58:19","modified_gmt":"2025-01-31T17:58:19","slug":"grave-acidente-entre-dois-automoveis-na-br-153-em-paulo-frontin-deixa-uma-pessoa-gravemente-ferida","status":"publish","type":"post","link":"https:\/\/radiostudiow.com.br\/site\/2024\/10\/21\/grave-acidente-entre-dois-automoveis-na-br-153-em-paulo-frontin-deixa-uma-pessoa-gravemente-ferida\/","title":{"rendered":"Grave acidente entre dois autom\u00f3veis na BR-153, em Paulo Frontin, deixa uma pessoa gravemente ferida"},"content":{"rendered":"\n<p><\/p>\n\n\n\n<figure class=\"wp-block-image size-full\"><img decoding=\"async\" src=\"https:\/\/radiostudiow.com.br\/site\/wp-content\/uploads\/2024\/01\/SITE-GRANDE.png\" alt=\"\" class=\"wp-image-18949\"\/><\/figure>\n\n\n\n<p>Na noite deste domingo (20), por volta das 21h35, um acidente envolvendo dois ve\u00edculos Volkswagen Gol, ambos com placas do Mercosul e registrados em Paulo Frontin, mobilizou equipes de resgate na BR-153.<\/p>\n\n\n\n<p>A colis\u00e3o ocorreu nas proximidades do Hotel Castelinho, deixando uma pessoa gravemente ferida.<\/p>\n\n\n\n<p>Os brigadistas de Paulo Frontin foram os primeiros a chegar ao local para prestar socorro. Inicialmente, havia informa\u00e7\u00f5es de que o motorista de um dos ve\u00edculos, um Gol marrom, estaria preso nas ferragens. Por isso, a equipe de brigadistas da cidade de Mallet foi acionada para auxiliar no resgate, uma vez que possui equipamento de desencarceramento.<\/p>\n\n\n\n<p>Contudo, ao receberem a not\u00edcia de que a v\u00edtima j\u00e1 havia sido retirada e encaminhada para atendimento m\u00e9dico em um pronto atendimento local, os brigadistas de Mallet retornaram \u00e0 base.<\/p>\n\n\n\n<h3 class=\"wp-block-heading has-medium-font-size\">Apura\u00e7\u00e3o e relato do resgate<\/h3>\n\n\n\n<p>Em conversa com a equipe da Studio W, Dr. M\u00e1rio, coordenador dos brigadistas de Paulo Frontin, explicou como o atendimento foi realizado e detalhou as condi\u00e7\u00f5es da v\u00edtima mais grave encontrada no local.<\/p>\n\n\n\n<p>Para mais detalhes sobre o caso e a situa\u00e7\u00e3o das v\u00edtimas, acompanhe o <em>W Not\u00edcias<\/em> nesta segunda-feira, na Studio W TV.<\/p>\n\n\n\n<figure class=\"wp-block-image size-full\"><img decoding=\"async\" src=\"https:\/\/radiostudiow.com.br\/site\/wp-content\/uploads\/2024\/03\/bannertijolao.jpg\" alt=\"\" class=\"wp-image-20494\"\/><\/figure>\n\n\n\n<p><\/p>\n\n\n<div class=\"wp-block-image\">\n<figure class=\"aligncenter size-large\"><img loading=\"lazy\" decoding=\"async\" width=\"576\" height=\"1024\" src=\"https:\/\/radiostudiow.com.br\/site\/wp-content\/uploads\/2024\/10\/Imagem-do-WhatsApp-de-2024-10-21-as-00.46.19_95948013-576x1024.jpg\" alt=\"\" class=\"wp-image-29096\" srcset=\"https:\/\/radiostudiow.com.br\/site\/wp-content\/uploads\/2024\/10\/Imagem-do-WhatsApp-de-2024-10-21-as-00.46.19_95948013-576x1024.jpg 576w, https:\/\/radiostudiow.com.br\/site\/wp-content\/uploads\/2024\/10\/Imagem-do-WhatsApp-de-2024-10-21-as-00.46.19_95948013-169x300.jpg 169w, https:\/\/radiostudiow.com.br\/site\/wp-content\/uploads\/2024\/10\/Imagem-do-WhatsApp-de-2024-10-21-as-00.46.19_95948013-768x1366.jpg 768w, https:\/\/radiostudiow.com.br\/site\/wp-content\/uploads\/2024\/10\/Imagem-do-WhatsApp-de-2024-10-21-as-00.46.19_95948013-864x1536.jpg 864w, https:\/\/radiostudiow.com.br\/site\/wp-content\/uploads\/2024\/10\/Imagem-do-WhatsApp-de-2024-10-21-as-00.46.19_95948013.jpg 899w\" sizes=\"auto, (max-width: 576px) 100vw, 576px\" \/><\/figure>\n<\/div>\n\n<div class=\"wp-block-image\">\n<figure class=\"aligncenter size-large\"><img loading=\"lazy\" decoding=\"async\" width=\"576\" height=\"1024\" src=\"https:\/\/radiostudiow.com.br\/site\/wp-content\/uploads\/2024\/10\/Imagem-do-WhatsApp-de-2024-10-21-as-00.46.27_026a7139-576x1024.jpg\" alt=\"\" class=\"wp-image-29097\" srcset=\"https:\/\/radiostudiow.com.br\/site\/wp-content\/uploads\/2024\/10\/Imagem-do-WhatsApp-de-2024-10-21-as-00.46.27_026a7139-576x1024.jpg 576w, https:\/\/radiostudiow.com.br\/site\/wp-content\/uploads\/2024\/10\/Imagem-do-WhatsApp-de-2024-10-21-as-00.46.27_026a7139-169x300.jpg 169w, https:\/\/radiostudiow.com.br\/site\/wp-content\/uploads\/2024\/10\/Imagem-do-WhatsApp-de-2024-10-21-as-00.46.27_026a7139-768x1366.jpg 768w, https:\/\/radiostudiow.com.br\/site\/wp-content\/uploads\/2024\/10\/Imagem-do-WhatsApp-de-2024-10-21-as-00.46.27_026a7139-864x1536.jpg 864w, https:\/\/radiostudiow.com.br\/site\/wp-content\/uploads\/2024\/10\/Imagem-do-WhatsApp-de-2024-10-21-as-00.46.27_026a7139.jpg 899w\" sizes=\"auto, (max-width: 576px) 100vw, 576px\" \/><\/figure>\n<\/div>\n\n\n<p><\/p>\n\n\n\n<figure class=\"wp-block-image size-full\"><img loading=\"lazy\" decoding=\"async\" width=\"598\" height=\"204\" src=\"https:\/\/radiostudiow.com.br\/site\/wp-content\/uploads\/2024\/09\/AFUBRA.png\" alt=\"\" class=\"wp-image-27135\" srcset=\"https:\/\/radiostudiow.com.br\/site\/wp-content\/uploads\/2024\/09\/AFUBRA.png 598w, https:\/\/radiostudiow.com.br\/site\/wp-content\/uploads\/2024\/09\/AFUBRA-300x102.png 300w\" sizes=\"auto, (max-width: 598px) 100vw, 598px\" \/><\/figure>\n\n\n\n<p><\/p>\n\n\n<div class=\"wp-block-image\">\n<figure class=\"aligncenter size-large\"><img loading=\"lazy\" decoding=\"async\" width=\"1024\" height=\"768\" src=\"https:\/\/radiostudiow.com.br\/site\/wp-content\/uploads\/2024\/10\/Imagem-do-WhatsApp-de-2024-10-21-as-00.46.49_e9933de4-1024x768.jpg\" alt=\"\" class=\"wp-image-29098\" srcset=\"https:\/\/radiostudiow.com.br\/site\/wp-content\/uploads\/2024\/10\/Imagem-do-WhatsApp-de-2024-10-21-as-00.46.49_e9933de4-1024x768.jpg 1024w, https:\/\/radiostudiow.com.br\/site\/wp-content\/uploads\/2024\/10\/Imagem-do-WhatsApp-de-2024-10-21-as-00.46.49_e9933de4-300x225.jpg 300w, https:\/\/radiostudiow.com.br\/site\/wp-content\/uploads\/2024\/10\/Imagem-do-WhatsApp-de-2024-10-21-as-00.46.49_e9933de4-768x576.jpg 768w, https:\/\/radiostudiow.com.br\/site\/wp-content\/uploads\/2024\/10\/Imagem-do-WhatsApp-de-2024-10-21-as-00.46.49_e9933de4-1536x1152.jpg 1536w, https:\/\/radiostudiow.com.br\/site\/wp-content\/uploads\/2024\/10\/Imagem-do-WhatsApp-de-2024-10-21-as-00.46.49_e9933de4.jpg 1600w\" sizes=\"auto, (max-width: 1024px) 100vw, 1024px\" \/><\/figure>\n<\/div>\n\n<div class=\"wp-block-image\">\n<figure class=\"aligncenter size-large\"><img loading=\"lazy\" decoding=\"async\" width=\"1024\" height=\"768\" src=\"https:\/\/radiostudiow.com.br\/site\/wp-content\/uploads\/2024\/10\/Imagem-do-WhatsApp-de-2024-10-21-as-00.47.22_d07e5d5a-1024x768.jpg\" alt=\"\" class=\"wp-image-29099\" srcset=\"https:\/\/radiostudiow.com.br\/site\/wp-content\/uploads\/2024\/10\/Imagem-do-WhatsApp-de-2024-10-21-as-00.47.22_d07e5d5a-1024x768.jpg 1024w, https:\/\/radiostudiow.com.br\/site\/wp-content\/uploads\/2024\/10\/Imagem-do-WhatsApp-de-2024-10-21-as-00.47.22_d07e5d5a-300x225.jpg 300w, https:\/\/radiostudiow.com.br\/site\/wp-content\/uploads\/2024\/10\/Imagem-do-WhatsApp-de-2024-10-21-as-00.47.22_d07e5d5a-768x576.jpg 768w, https:\/\/radiostudiow.com.br\/site\/wp-content\/uploads\/2024\/10\/Imagem-do-WhatsApp-de-2024-10-21-as-00.47.22_d07e5d5a-1536x1152.jpg 1536w, https:\/\/radiostudiow.com.br\/site\/wp-content\/uploads\/2024\/10\/Imagem-do-WhatsApp-de-2024-10-21-as-00.47.22_d07e5d5a.jpg 1600w\" sizes=\"auto, (max-width: 1024px) 100vw, 1024px\" \/><\/figure>\n<\/div>\n\n\n<p><\/p>\n","protected":false},"excerpt":{"rendered":"<p>Na noite deste domingo (20), por volta das 21h35, um acidente envolvendo dois ve\u00edculos Volkswagen Gol, ambos com placas do Mercosul e registrados em Paulo Frontin, mobilizou equipes de resgate na BR-153. A colis\u00e3o ocorreu nas proximidades do Hotel Castelinho, deixando uma pessoa gravemente ferida. Os brigadistas de Paulo Frontin foram os primeiros a chegar [&hellip;]<\/p>\n","protected":false},"author":2,"featured_media":29099,"comment_status":"open","ping_status":"open","sticky":false,"template":"","format":"standard","meta":{"footnotes":""},"categories":[185],"tags":[172],"class_list":["post-29095","post","type-post","status-publish","format-standard","has-post-thumbnail","hentry","category-regional","tag-featured"],"amp_enabled":true,"_links":{"self":[{"href":"https:\/\/radiostudiow.com.br\/site\/wp-json\/wp\/v2\/posts\/29095","targetHints":{"allow":["GET"]}}],"collection":[{"href":"https:\/\/radiostudiow.com.br\/site\/wp-json\/wp\/v2\/posts"}],"about":[{"href":"https:\/\/radiostudiow.com.br\/site\/wp-json\/wp\/v2\/types\/post"}],"author":[{"embeddable":true,"href":"https:\/\/radiostudiow.com.br\/site\/wp-json\/wp\/v2\/users\/2"}],"replies":[{"embeddable":true,"href":"https:\/\/radiostudiow.com.br\/site\/wp-json\/wp\/v2\/comments?post=29095"}],"version-history":[{"count":1,"href":"https:\/\/radiostudiow.com.br\/site\/wp-json\/wp\/v2\/posts\/29095\/revisions"}],"predecessor-version":[{"id":29100,"href":"https:\/\/radiostudiow.com.br\/site\/wp-json\/wp\/v2\/posts\/29095\/revisions\/29100"}],"wp:featuredmedia":[{"embeddable":true,"href":"https:\/\/radiostudiow.com.br\/site\/wp-json\/wp\/v2\/media\/29099"}],"wp:attachment":[{"href":"https:\/\/radiostudiow.com.br\/site\/wp-json\/wp\/v2\/media?parent=29095"}],"wp:term":[{"taxonomy":"category","embeddable":true,"href":"https:\/\/radiostudiow.com.br\/site\/wp-json\/wp\/v2\/categories?post=29095"},{"taxonomy":"post_tag","embeddable":true,"href":"https:\/\/radiostudiow.com.br\/site\/wp-json\/wp\/v2\/tags?post=29095"}],"curies":[{"name":"wp","href":"https:\/\/api.w.org\/{rel}","templated":true}]}}