{"id":29101,"date":"2024-10-21T09:31:42","date_gmt":"2024-10-21T12:31:42","guid":{"rendered":"https:\/\/radiostudiow.com.br\/site\/?p=29101"},"modified":"2025-01-31T14:58:19","modified_gmt":"2025-01-31T17:58:19","slug":"casal-aciona-policia-apos-homem-tentar-invadir-residencia-em-uniao-da-vitoria","status":"publish","type":"post","link":"https:\/\/radiostudiow.com.br\/site\/2024\/10\/21\/casal-aciona-policia-apos-homem-tentar-invadir-residencia-em-uniao-da-vitoria\/","title":{"rendered":"Casal aciona pol\u00edcia ap\u00f3s homem tentar invadir resid\u00eancia em Uni\u00e3o da Vit\u00f3ria"},"content":{"rendered":"\n<p>A equipe da Pol\u00edcia Militar foi acionada para prestar um atendimento a uma situa\u00e7\u00e3o de viola\u00e7\u00e3o de domicilio na \u00e1rea central de Uni\u00e3o da Vit\u00f3ria por volta das 19:46 horas desse domingo (20).<\/p>\n\n\n\n<div class=\"wp-block-media-text is-stacked-on-mobile\" style=\"grid-template-columns:39% auto\"><figure class=\"wp-block-media-text__media\"><img decoding=\"async\" src=\"https:\/\/radiostudiow.com.br\/site\/wp-content\/uploads\/2024\/10\/image-19-1024x1024.png\" alt=\"\" class=\"wp-image-28623 size-full\"\/><\/figure><div class=\"wp-block-media-text__content\">\n<p>AFUBRA IRATI:<br>\ud83d\udccd Rua Coronel Emilio Gomes, 399, Centro &#8211; Irati &#8211; PR<br>\ud83d\udcde(42) 3421-1700<\/p>\n\n\n\n<p>AFUBRA IMBITUVA:<br>\ud83d\udccd RUA Jacobe Brener, 830 &#8211; Centro, Imbituva &#8211; PR<br>\ud83d\udcde(42) 3436-84003<\/p>\n<\/div><\/div>\n\n\n\n<p>No local, conversado com o solicitante que relatou ter visualizado um indiv\u00edduo vestindo moletom preto com capuz e cal\u00e7a jeans tentando adentrar o seu apartamento pela sacada.<\/p>\n\n\n\n<p>No momento que o suspeito percebeu a presen\u00e7a do casal no interior da resid\u00eancia, empreendeu fuga tomando rumo desconhecido.<\/p>\n\n\n\n<figure class=\"wp-block-image size-full\"><img loading=\"lazy\" decoding=\"async\" width=\"300\" height=\"180\" src=\"https:\/\/radiostudiow.com.br\/site\/wp-content\/uploads\/2024\/04\/SITE-PEQUENO.png\" alt=\"\" class=\"wp-image-21712\"\/><\/figure>\n\n\n\n<p>A equipe ent\u00e3o realizou patrulhamento nas proximidades e at\u00e9 o momento o suspeito n\u00e3o foi localizado. O solicitante foi orientado sobre procedimentos cab\u00edveis.<\/p>\n","protected":false},"excerpt":{"rendered":"<p>A equipe da Pol\u00edcia Militar foi acionada para prestar um atendimento a uma situa\u00e7\u00e3o de viola\u00e7\u00e3o de domicilio na \u00e1rea central de Uni\u00e3o da Vit\u00f3ria por volta das 19:46 horas desse domingo (20). AFUBRA IRATI:\ud83d\udccd Rua Coronel Emilio Gomes, 399, Centro &#8211; Irati &#8211; PR\ud83d\udcde(42) 3421-1700 AFUBRA IMBITUVA:\ud83d\udccd RUA Jacobe Brener, 830 &#8211; Centro, Imbituva [&hellip;]<\/p>\n","protected":false},"author":2,"featured_media":27131,"comment_status":"open","ping_status":"open","sticky":false,"template":"","format":"standard","meta":{"footnotes":""},"categories":[2],"tags":[172],"class_list":["post-29101","post","type-post","status-publish","format-standard","has-post-thumbnail","hentry","category-policial","tag-featured"],"amp_enabled":true,"_links":{"self":[{"href":"https:\/\/radiostudiow.com.br\/site\/wp-json\/wp\/v2\/posts\/29101","targetHints":{"allow":["GET"]}}],"collection":[{"href":"https:\/\/radiostudiow.com.br\/site\/wp-json\/wp\/v2\/posts"}],"about":[{"href":"https:\/\/radiostudiow.com.br\/site\/wp-json\/wp\/v2\/types\/post"}],"author":[{"embeddable":true,"href":"https:\/\/radiostudiow.com.br\/site\/wp-json\/wp\/v2\/users\/2"}],"replies":[{"embeddable":true,"href":"https:\/\/radiostudiow.com.br\/site\/wp-json\/wp\/v2\/comments?post=29101"}],"version-history":[{"count":1,"href":"https:\/\/radiostudiow.com.br\/site\/wp-json\/wp\/v2\/posts\/29101\/revisions"}],"predecessor-version":[{"id":29102,"href":"https:\/\/radiostudiow.com.br\/site\/wp-json\/wp\/v2\/posts\/29101\/revisions\/29102"}],"wp:featuredmedia":[{"embeddable":true,"href":"https:\/\/radiostudiow.com.br\/site\/wp-json\/wp\/v2\/media\/27131"}],"wp:attachment":[{"href":"https:\/\/radiostudiow.com.br\/site\/wp-json\/wp\/v2\/media?parent=29101"}],"wp:term":[{"taxonomy":"category","embeddable":true,"href":"https:\/\/radiostudiow.com.br\/site\/wp-json\/wp\/v2\/categories?post=29101"},{"taxonomy":"post_tag","embeddable":true,"href":"https:\/\/radiostudiow.com.br\/site\/wp-json\/wp\/v2\/tags?post=29101"}],"curies":[{"name":"wp","href":"https:\/\/api.w.org\/{rel}","templated":true}]}}