{"id":29109,"date":"2024-10-21T10:50:09","date_gmt":"2024-10-21T13:50:09","guid":{"rendered":"https:\/\/radiostudiow.com.br\/site\/?p=29109"},"modified":"2025-01-31T14:58:19","modified_gmt":"2025-01-31T17:58:19","slug":"pm-prende-casal-suspeito-de-trafico-de-drogas-em-porto-uniao","status":"publish","type":"post","link":"https:\/\/radiostudiow.com.br\/site\/2024\/10\/21\/pm-prende-casal-suspeito-de-trafico-de-drogas-em-porto-uniao\/","title":{"rendered":"PM prende casal suspeito de tr\u00e1fico de drogas em Porto Uni\u00e3o"},"content":{"rendered":"\n<p>A equipe da Pol\u00edcia Civil de Santa Catarina, por meio da Delegacia de Investiga\u00e7\u00f5es Criminais (DIC) de Porto Uni\u00e3o, em conjunto com a Pol\u00edcia Militar, deflagrou uma opera\u00e7\u00e3o de combate ao tr\u00e1fico de drogas no bairro Cidade Nova na manh\u00e3 deste s\u00e1bado (19).<\/p>\n\n\n\n<p>Durante a a\u00e7\u00e3o, foram cumpridos dois mandados de busca e apreens\u00e3o, resultando na pris\u00e3o de um casal, acusado de tr\u00e1fico de drogas. As autoridades apreenderam maconha e coca\u00edna, j\u00e1 embaladas para venda.<\/p>\n\n\n\n<figure class=\"wp-block-image size-full\"><img loading=\"lazy\" decoding=\"async\" width=\"900\" height=\"408\" src=\"https:\/\/radiostudiow.com.br\/site\/wp-content\/uploads\/2024\/09\/image-64-1.png\" alt=\"\" class=\"wp-image-28207\" srcset=\"https:\/\/radiostudiow.com.br\/site\/wp-content\/uploads\/2024\/09\/image-64-1.png 900w, https:\/\/radiostudiow.com.br\/site\/wp-content\/uploads\/2024\/09\/image-64-1-300x136.png 300w, https:\/\/radiostudiow.com.br\/site\/wp-content\/uploads\/2024\/09\/image-64-1-768x348.png 768w\" sizes=\"auto, (max-width: 900px) 100vw, 900px\" \/><\/figure>\n\n\n\n<p>A investiga\u00e7\u00e3o teve in\u00edcio ap\u00f3s den\u00fancias sobre a venda de drogas na regi\u00e3o.\u00a0Com base nas informa\u00e7\u00f5es coletadas, a Pol\u00edcia Civil representou pelos mandados de busca e apreens\u00e3o, que foram deferidos pelo Poder Judici\u00e1rio.<\/p>\n\n\n\n<p>A pris\u00e3o do casal \u00e9 apenas uma etapa da investiga\u00e7\u00e3o, que continuar\u00e1 para identificar outros traficantes de drogas na regi\u00e3o.<\/p>\n","protected":false},"excerpt":{"rendered":"<p>A equipe da Pol\u00edcia Civil de Santa Catarina, por meio da Delegacia de Investiga\u00e7\u00f5es Criminais (DIC) de Porto Uni\u00e3o, em conjunto com a Pol\u00edcia Militar, deflagrou uma opera\u00e7\u00e3o de combate ao tr\u00e1fico de drogas no bairro Cidade Nova na manh\u00e3 deste s\u00e1bado (19). Durante a a\u00e7\u00e3o, foram cumpridos dois mandados de busca e apreens\u00e3o, resultando [&hellip;]<\/p>\n","protected":false},"author":2,"featured_media":29110,"comment_status":"open","ping_status":"open","sticky":false,"template":"","format":"standard","meta":{"footnotes":""},"categories":[2],"tags":[172],"class_list":["post-29109","post","type-post","status-publish","format-standard","has-post-thumbnail","hentry","category-policial","tag-featured"],"amp_enabled":true,"_links":{"self":[{"href":"https:\/\/radiostudiow.com.br\/site\/wp-json\/wp\/v2\/posts\/29109","targetHints":{"allow":["GET"]}}],"collection":[{"href":"https:\/\/radiostudiow.com.br\/site\/wp-json\/wp\/v2\/posts"}],"about":[{"href":"https:\/\/radiostudiow.com.br\/site\/wp-json\/wp\/v2\/types\/post"}],"author":[{"embeddable":true,"href":"https:\/\/radiostudiow.com.br\/site\/wp-json\/wp\/v2\/users\/2"}],"replies":[{"embeddable":true,"href":"https:\/\/radiostudiow.com.br\/site\/wp-json\/wp\/v2\/comments?post=29109"}],"version-history":[{"count":1,"href":"https:\/\/radiostudiow.com.br\/site\/wp-json\/wp\/v2\/posts\/29109\/revisions"}],"predecessor-version":[{"id":29111,"href":"https:\/\/radiostudiow.com.br\/site\/wp-json\/wp\/v2\/posts\/29109\/revisions\/29111"}],"wp:featuredmedia":[{"embeddable":true,"href":"https:\/\/radiostudiow.com.br\/site\/wp-json\/wp\/v2\/media\/29110"}],"wp:attachment":[{"href":"https:\/\/radiostudiow.com.br\/site\/wp-json\/wp\/v2\/media?parent=29109"}],"wp:term":[{"taxonomy":"category","embeddable":true,"href":"https:\/\/radiostudiow.com.br\/site\/wp-json\/wp\/v2\/categories?post=29109"},{"taxonomy":"post_tag","embeddable":true,"href":"https:\/\/radiostudiow.com.br\/site\/wp-json\/wp\/v2\/tags?post=29109"}],"curies":[{"name":"wp","href":"https:\/\/api.w.org\/{rel}","templated":true}]}}