{"id":29134,"date":"2024-10-22T09:46:35","date_gmt":"2024-10-22T12:46:35","guid":{"rendered":"https:\/\/radiostudiow.com.br\/site\/?p=29134"},"modified":"2025-01-31T14:58:19","modified_gmt":"2025-01-31T17:58:19","slug":"homem-e-morto-a-golpes-de-facao-na-divisa-de-uniao-da-vitoria-e-porto-uniao","status":"publish","type":"post","link":"https:\/\/radiostudiow.com.br\/site\/2024\/10\/22\/homem-e-morto-a-golpes-de-facao-na-divisa-de-uniao-da-vitoria-e-porto-uniao\/","title":{"rendered":"Homem \u00e9 morto \u00e0 golpes de fac\u00e3o na divisa de Uni\u00e3o da Vit\u00f3ria e Porto Uni\u00e3o"},"content":{"rendered":"\n<p>Foi identificado como&nbsp;Kennedy Alves do Santos, de 26 anos,&nbsp;o rapaz que foi morto no final da manh\u00e3 desta segunda-feira (21), entre os bairros Vice King, Porto Uni\u00e3o, e Rio d\u2019Areia, em Uni\u00e3o da Vit\u00f3ria.<\/p>\n\n\n\n<figure class=\"wp-block-image size-full\"><img loading=\"lazy\" decoding=\"async\" width=\"897\" height=\"204\" src=\"https:\/\/radiostudiow.com.br\/site\/wp-content\/uploads\/2024\/08\/TIJOLAO.png\" alt=\"\" class=\"wp-image-25951\" srcset=\"https:\/\/radiostudiow.com.br\/site\/wp-content\/uploads\/2024\/08\/TIJOLAO.png 897w, https:\/\/radiostudiow.com.br\/site\/wp-content\/uploads\/2024\/08\/TIJOLAO-300x68.png 300w, https:\/\/radiostudiow.com.br\/site\/wp-content\/uploads\/2024\/08\/TIJOLAO-768x175.png 768w\" sizes=\"auto, (max-width: 897px) 100vw, 897px\" \/><\/figure>\n\n\n\n<p>Segundo informa\u00e7\u00f5es das autoridades, ele foi atingido por golpes de faca. O Samu foi acionado, mais o rapaz j\u00e1 estava morto. O jovem tinha uma extensa ficha criminal e havia sa\u00eddo da pris\u00e3o recentemente, segundo relatos de pessoas que estavam no local.<\/p>\n\n\n\n<p>Segundo a PM, a vit\u00edma teve um desentendimento com sua convivente. Esse desentendimento acabou desencadeando um conflito com o cunhado, que o atacou com uma faca ou objeto similar. O ataque causou uma les\u00e3o grave que levou o homem a \u00f3bito. A situa\u00e7\u00e3o sugere que o cunhado tenha intervindo no conflito, possivelmente em defesa da mulher ou por conta da briga, mas resultou em uma fatalidade.<\/p>\n","protected":false},"excerpt":{"rendered":"<p>Foi identificado como&nbsp;Kennedy Alves do Santos, de 26 anos,&nbsp;o rapaz que foi morto no final da manh\u00e3 desta segunda-feira (21), entre os bairros Vice King, Porto Uni\u00e3o, e Rio d\u2019Areia, em Uni\u00e3o da Vit\u00f3ria. Segundo informa\u00e7\u00f5es das autoridades, ele foi atingido por golpes de faca. O Samu foi acionado, mais o rapaz j\u00e1 estava morto. [&hellip;]<\/p>\n","protected":false},"author":2,"featured_media":29135,"comment_status":"open","ping_status":"open","sticky":false,"template":"","format":"standard","meta":{"footnotes":""},"categories":[2],"tags":[172],"class_list":["post-29134","post","type-post","status-publish","format-standard","has-post-thumbnail","hentry","category-policial","tag-featured"],"amp_enabled":true,"_links":{"self":[{"href":"https:\/\/radiostudiow.com.br\/site\/wp-json\/wp\/v2\/posts\/29134","targetHints":{"allow":["GET"]}}],"collection":[{"href":"https:\/\/radiostudiow.com.br\/site\/wp-json\/wp\/v2\/posts"}],"about":[{"href":"https:\/\/radiostudiow.com.br\/site\/wp-json\/wp\/v2\/types\/post"}],"author":[{"embeddable":true,"href":"https:\/\/radiostudiow.com.br\/site\/wp-json\/wp\/v2\/users\/2"}],"replies":[{"embeddable":true,"href":"https:\/\/radiostudiow.com.br\/site\/wp-json\/wp\/v2\/comments?post=29134"}],"version-history":[{"count":1,"href":"https:\/\/radiostudiow.com.br\/site\/wp-json\/wp\/v2\/posts\/29134\/revisions"}],"predecessor-version":[{"id":29136,"href":"https:\/\/radiostudiow.com.br\/site\/wp-json\/wp\/v2\/posts\/29134\/revisions\/29136"}],"wp:featuredmedia":[{"embeddable":true,"href":"https:\/\/radiostudiow.com.br\/site\/wp-json\/wp\/v2\/media\/29135"}],"wp:attachment":[{"href":"https:\/\/radiostudiow.com.br\/site\/wp-json\/wp\/v2\/media?parent=29134"}],"wp:term":[{"taxonomy":"category","embeddable":true,"href":"https:\/\/radiostudiow.com.br\/site\/wp-json\/wp\/v2\/categories?post=29134"},{"taxonomy":"post_tag","embeddable":true,"href":"https:\/\/radiostudiow.com.br\/site\/wp-json\/wp\/v2\/tags?post=29134"}],"curies":[{"name":"wp","href":"https:\/\/api.w.org\/{rel}","templated":true}]}}