{"id":29137,"date":"2024-10-22T10:11:17","date_gmt":"2024-10-22T13:11:17","guid":{"rendered":"https:\/\/radiostudiow.com.br\/site\/?p=29137"},"modified":"2025-01-31T14:58:19","modified_gmt":"2025-01-31T17:58:19","slug":"mulher-foge-apos-agridir-sua-tia-em-reboucas","status":"publish","type":"post","link":"https:\/\/radiostudiow.com.br\/site\/2024\/10\/22\/mulher-foge-apos-agridir-sua-tia-em-reboucas\/","title":{"rendered":"Mulher foge ap\u00f3s agridir sua tia em Rebou\u00e7as"},"content":{"rendered":"\n<p>Uma mulher foi agredida pela sobrinha na Vila Feliz, em Rebou\u00e7as, na noite de s\u00e1bado (19). A autora da agress\u00e3o ainda amea\u00e7ou atingir a v\u00edtima com um fac\u00e3o.<\/p>\n\n\n\n<figure class=\"wp-block-image size-full\"><img decoding=\"async\" src=\"https:\/\/radiostudiow.com.br\/site\/wp-content\/uploads\/2024\/04\/image-42.png\" alt=\"\" class=\"wp-image-21334\"\/><\/figure>\n\n\n\n<p>A propriet\u00e1ria da resid\u00eancia afirmou que houve um desentendimento entre os familiares. Depois disso, a moradora foi amea\u00e7ada por uma sobrinha. Na sequ\u00eancia, outra sobrinha atingiu um soco na v\u00edtima, que ficou com um hematoma em seu olho esquerdo.<\/p>\n\n\n\n<p>A mulher agredida recebeu atendimento m\u00e9dico e foi orientada sobre os procedimentos que devem ser tomados.<\/p>\n","protected":false},"excerpt":{"rendered":"<p>Uma mulher foi agredida pela sobrinha na Vila Feliz, em Rebou\u00e7as, na noite de s\u00e1bado (19). A autora da agress\u00e3o ainda amea\u00e7ou atingir a v\u00edtima com um fac\u00e3o. A propriet\u00e1ria da resid\u00eancia afirmou que houve um desentendimento entre os familiares. Depois disso, a moradora foi amea\u00e7ada por uma sobrinha. Na sequ\u00eancia, outra sobrinha atingiu um [&hellip;]<\/p>\n","protected":false},"author":2,"featured_media":27578,"comment_status":"open","ping_status":"open","sticky":false,"template":"","format":"standard","meta":{"footnotes":""},"categories":[2],"tags":[172],"class_list":["post-29137","post","type-post","status-publish","format-standard","has-post-thumbnail","hentry","category-policial","tag-featured"],"amp_enabled":true,"_links":{"self":[{"href":"https:\/\/radiostudiow.com.br\/site\/wp-json\/wp\/v2\/posts\/29137","targetHints":{"allow":["GET"]}}],"collection":[{"href":"https:\/\/radiostudiow.com.br\/site\/wp-json\/wp\/v2\/posts"}],"about":[{"href":"https:\/\/radiostudiow.com.br\/site\/wp-json\/wp\/v2\/types\/post"}],"author":[{"embeddable":true,"href":"https:\/\/radiostudiow.com.br\/site\/wp-json\/wp\/v2\/users\/2"}],"replies":[{"embeddable":true,"href":"https:\/\/radiostudiow.com.br\/site\/wp-json\/wp\/v2\/comments?post=29137"}],"version-history":[{"count":1,"href":"https:\/\/radiostudiow.com.br\/site\/wp-json\/wp\/v2\/posts\/29137\/revisions"}],"predecessor-version":[{"id":29138,"href":"https:\/\/radiostudiow.com.br\/site\/wp-json\/wp\/v2\/posts\/29137\/revisions\/29138"}],"wp:featuredmedia":[{"embeddable":true,"href":"https:\/\/radiostudiow.com.br\/site\/wp-json\/wp\/v2\/media\/27578"}],"wp:attachment":[{"href":"https:\/\/radiostudiow.com.br\/site\/wp-json\/wp\/v2\/media?parent=29137"}],"wp:term":[{"taxonomy":"category","embeddable":true,"href":"https:\/\/radiostudiow.com.br\/site\/wp-json\/wp\/v2\/categories?post=29137"},{"taxonomy":"post_tag","embeddable":true,"href":"https:\/\/radiostudiow.com.br\/site\/wp-json\/wp\/v2\/tags?post=29137"}],"curies":[{"name":"wp","href":"https:\/\/api.w.org\/{rel}","templated":true}]}}