{"id":29147,"date":"2024-10-22T10:46:41","date_gmt":"2024-10-22T13:46:41","guid":{"rendered":"https:\/\/radiostudiow.com.br\/site\/?p=29147"},"modified":"2025-01-31T14:58:19","modified_gmt":"2025-01-31T17:58:19","slug":"velorio-coletivo-clube-de-remo-em-pelotas-recebe-vitimas-de-acidente-no-pr","status":"publish","type":"post","link":"https:\/\/radiostudiow.com.br\/site\/2024\/10\/22\/velorio-coletivo-clube-de-remo-em-pelotas-recebe-vitimas-de-acidente-no-pr\/","title":{"rendered":"Vel\u00f3rio coletivo: clube de remo em Pelotas recebe v\u00edtimas de acidente no PR"},"content":{"rendered":"\n<p>Est\u00e1 marcado para esta ter\u00e7a-feira (22), em\u00a0<a class=\"\" href=\"https:\/\/g1.globo.com\/rs\/rio-grande-do-sul\/cidade\/pelotas\/\">Pelotas<\/a>, na Regi\u00e3o Sul do Rio Grande do Sul, o\u00a0<strong>vel\u00f3rio coletivo<\/strong>\u00a0das\u00a0<a class=\"\" href=\"https:\/\/g1.globo.com\/rs\/rio-grande-do-sul\/noticia\/2024\/10\/21\/vitimas-de-acidente-no-pr-equipe-de-remo-de-pelotas.ghtml\">v\u00edtimas do acidente com nove mortos<\/a>\u00a0<a class=\"\" href=\"https:\/\/g1.globo.com\/pr\/parana\/noticia\/2024\/10\/21\/acidente-br-376-van-carreta.ghtml\">ocorrido na noite de domingo (20) na BR-376<\/a>, em\u00a0<a class=\"\" href=\"https:\/\/g1.globo.com\/pr\/parana\/cidade\/guaratuba\/\">Guaratuba (PR)<\/a>. A cerim\u00f4nia ser\u00e1 realizada na sede campestre do clube Centro Portugu\u00eas 1\u00ba Dezembro. At\u00e9 a atualiza\u00e7\u00e3o mais recente desta reportagem, n\u00e3o havia confirma\u00e7\u00e3o do hor\u00e1rio do vel\u00f3rio.<\/p>\n\n\n\n<figure class=\"wp-block-image size-full\"><img loading=\"lazy\" decoding=\"async\" width=\"598\" height=\"204\" src=\"https:\/\/radiostudiow.com.br\/site\/wp-content\/uploads\/2024\/04\/image-29.png\" alt=\"\" class=\"wp-image-21283\" srcset=\"https:\/\/radiostudiow.com.br\/site\/wp-content\/uploads\/2024\/04\/image-29.png 598w, https:\/\/radiostudiow.com.br\/site\/wp-content\/uploads\/2024\/04\/image-29-300x102.png 300w\" sizes=\"auto, (max-width: 598px) 100vw, 598px\" \/><\/figure>\n\n\n\n<p><a class=\"\" href=\"https:\/\/g1.globo.com\/pr\/parana\/noticia\/2024\/10\/21\/fab-vai-transportar-urnas-funerarias-de-integrantes-de-time-de-remo-e-motorista-que-morreram-apos-carreta-tombar-sobre-van-no-parana.ghtml\">O Minist\u00e9rio do Esporte providenciou o traslado dos corpos junto \u00e0 For\u00e7a A\u00e9rea Brasileira (FAB)<\/a>. Segundo a Aeron\u00e1utica, ser\u00e1 usado um&nbsp;<strong>avi\u00e3o C-105 Amazonas<\/strong>, do 1\u00ba Esquadr\u00e3o do 9\u00ba Grupo de Avia\u00e7\u00e3o &#8211; Esquadr\u00e3o Arara. Ele deve pousar em Pelotas a partir do come\u00e7o da tarde.<\/p>\n\n\n\n<p>Os mortos s\u00e3o&nbsp;<strong>sete atletas<\/strong>, com idades entre 15 e 20 anos;&nbsp;<strong>o coordenador do time<\/strong>; e&nbsp;<strong>o motorista da van<\/strong>&nbsp;que transportava a delega\u00e7\u00e3o para&nbsp;<a class=\"\" href=\"https:\/\/g1.globo.com\/rs\/rio-grande-do-sul\/noticia\/2024\/10\/21\/atletas-mortos-em-acidente-no-pr-participavam-de-projeto-que-revela-novos-talentos-do-remo.ghtml\">um torneio realizado em S\u00e3o Paulo<\/a>.<\/p>\n\n\n\n<ul class=\"wp-block-list\">\n<li>\n<ul class=\"wp-block-list\">\n<li><a class=\"\" href=\"https:\/\/g1.globo.com\/rs\/rio-grande-do-sul\/noticia\/2024\/10\/21\/esse-projeto-era-a-vida-dele-diz-primo-de-coordenador-de-time-de-remo-vitima-de-acidente-no-pr.ghtml\">Oguener Tissot (coordenador)<\/a>, 43 anos, natural de Pelotas<\/li>\n\n\n\n<li><strong>Samuel Benites Lopes<\/strong>, 15 anos, natural de\u00a0<a class=\"\" href=\"https:\/\/g1.globo.com\/rs\/rio-grande-do-sul\/cidade\/sao-jose-do-norte\/\">S\u00e3o Jos\u00e9 do Norte<\/a><\/li>\n\n\n\n<li><strong>Henry Fontoura Guimar\u00e3es<\/strong>, 17 anos, natural de Pelotas<\/li>\n\n\n\n<li><strong>Jo\u00e3o Pedro Kerchiner<\/strong>, 17 anos, natural de Pelotas<\/li>\n\n\n\n<li><strong>Helen Belony<\/strong>, 20 anos, natural de Pelotas<\/li>\n\n\n\n<li><strong>Nicole da Cruz<\/strong>, 15 anos, natural de Pelotas<\/li>\n\n\n\n<li><strong>Angel Souto Vidal<\/strong>, 16 anos, natural de Pelotas<\/li>\n\n\n\n<li><strong>Vitor Fernandes Camargo<\/strong>, 17 anos, natural de Pelotas<\/li>\n\n\n\n<li><strong>Ricardo Leal da Cunha (motorista)<\/strong>, 52 anos<\/li>\n<\/ul>\n<\/li>\n<\/ul>\n\n\n\n<figure class=\"wp-block-image size-full\"><img loading=\"lazy\" decoding=\"async\" width=\"984\" height=\"554\" src=\"https:\/\/radiostudiow.com.br\/site\/wp-content\/uploads\/2024\/10\/image-48.png\" alt=\"\" class=\"wp-image-29148\" srcset=\"https:\/\/radiostudiow.com.br\/site\/wp-content\/uploads\/2024\/10\/image-48.png 984w, https:\/\/radiostudiow.com.br\/site\/wp-content\/uploads\/2024\/10\/image-48-300x169.png 300w, https:\/\/radiostudiow.com.br\/site\/wp-content\/uploads\/2024\/10\/image-48-768x432.png 768w\" sizes=\"auto, (max-width: 984px) 100vw, 984px\" \/><figcaption class=\"wp-element-caption\">Oguener Tissot e Ricardo Leal da Cunha, v\u00edtimas de acidente no PR \u2014 Foto: Reprodu\u00e7\u00e3o<br><br><\/figcaption><\/figure>\n\n\n\n<p>As v\u00edtimas eram vinculadas \u00e0 iniciativa&nbsp;<strong>&#8220;Remar para o Futuro&#8221;<\/strong>, realizada em parceria com o clube Centro Portugu\u00eas e a Academia de Remo Tissot, em um projeto que contava com o apoio da Prefeitura de Pelotas e da Universidade Federal de Pelotas (<a class=\"\" href=\"https:\/\/g1.globo.com\/educacao\/universidade\/ufpel\/\">UFPel<\/a>).<\/p>\n\n\n\n<p>Duas pessoas sobreviveram ao acidente:\u00a0o atleta Jo\u00e3o Pedro Milgarejo, de 17 anos, e o motorista do caminh\u00e3o envolvido no acidente. Os dois\u00a0j\u00e1 receberam alta do hospital.<\/p>\n\n\n\n<p><a href=\"https:\/\/globoplay.globo.com\/v\/13032280\"><strong>https:\/\/globoplay.globo.com\/v\/13032280<\/strong><\/a><\/p>\n\n\n\n<h2 class=\"wp-block-heading\">&#8216;Projeto da vida&#8217;<\/h2>\n\n\n\n<p>Foi com o objetivo de incentivar a pr\u00e1tica do remo em Pelotas que Oguener Tissot, de 43 anos, idealizou o projeto &#8220;Remar para o Futuro&#8221;. O acidente chocou familiares.<\/p>\n\n\n\n<p>Primo de Oguener,&nbsp;<a class=\"\" href=\"https:\/\/g1.globo.com\/rs\/rio-grande-do-sul\/noticia\/2024\/10\/21\/esse-projeto-era-a-vida-dele-diz-primo-de-coordenador-de-time-de-remo-vitima-de-acidente-no-pr.ghtml\">F\u00e1bio Arduim lamentou a perda do coordenador do projeto<\/a>. &#8220;O nome do projeto era o Oguener. Esse projeto era a vida dele&#8221;, disse.<\/p>\n\n\n\n<figure class=\"wp-block-image\"><img decoding=\"async\" src=\"https:\/\/s2-g1.glbimg.com\/MaTrTmkKJyCV2-fl-R1ZWA-06qI=\/0x0:1645x1080\/984x0\/smart\/filters:strip_icc()\/i.s3.glbimg.com\/v1\/AUTH_59edd422c0c84a879bd37670ae4f538a\/internal_photos\/bs\/2024\/4\/f\/mL35JNRtmNvmbpUyS9Cg\/tissot.png\" alt=\"Oguener Tissot, coordenador de time de remo v\u00edtima de acidente no PR \u2014 Foto: Reprodu\u00e7\u00e3o\/RBS TV\"\/><figcaption class=\"wp-element-caption\">Oguener Tissot, coordenador de time de remo v\u00edtima de acidente no PR \u2014 Foto: Reprodu\u00e7\u00e3o\/RBS TV<br><br><\/figcaption><\/figure>\n\n\n\n<h2 class=\"wp-block-heading\">&#8216;Sonhos destru\u00eddos&#8217;<\/h2>\n\n\n\n<p>Familiares e amigos das nove v\u00edtimas do acidente se reuniram ap\u00f3s a trag\u00e9dia.&nbsp;<a class=\"\" href=\"https:\/\/g1.globo.com\/rs\/rio-grande-do-sul\/noticia\/2024\/10\/21\/sede-clube-pelotas-familiares-amigos-vitimas-acidente-9-mortes-pr.ghtml\">Um centro de acolhimento foi montado na sede do clube<\/a>&nbsp;onde os adolescentes treinavam.<\/p>\n\n\n\n<p>Ex-integrante do projeto &#8220;Remar para o Futuro&#8221;, Davi Rubira, foi ao local confortar os familiares das v\u00edtimas. &#8220;\u00c9 inacredit\u00e1vel. N\u00e3o tem palavras para descrever o que est\u00e1 todo mundo sentindo aqui. A gente s\u00f3 quer apoiar, confortar todos os familiares. Como a gente j\u00e1 falou, foram muitos sonhos destru\u00eddos, dilacerados&#8221;, lamentou.<\/p>\n\n\n\n<p>Vizinha do clube, a terapeuta ocupacional Roberta de Souza classificou o time como uma &#8220;gurizada maravilhosa&#8221;. &#8220;Meninas, meninos com um futuro pela frente. Estou muito chateada mesmo. A gente se encontrava seguido aqui&#8221;, falou.<\/p>\n\n\n\n<figure class=\"wp-block-image size-full is-resized\"><img loading=\"lazy\" decoding=\"async\" width=\"984\" height=\"554\" src=\"https:\/\/radiostudiow.com.br\/site\/wp-content\/uploads\/2024\/10\/image-49.png\" alt=\"\" class=\"wp-image-29149\" style=\"width:740px;height:auto\" srcset=\"https:\/\/radiostudiow.com.br\/site\/wp-content\/uploads\/2024\/10\/image-49.png 984w, https:\/\/radiostudiow.com.br\/site\/wp-content\/uploads\/2024\/10\/image-49-300x169.png 300w, https:\/\/radiostudiow.com.br\/site\/wp-content\/uploads\/2024\/10\/image-49-768x432.png 768w\" sizes=\"auto, (max-width: 984px) 100vw, 984px\" \/><figcaption class=\"wp-element-caption\">Familiares e amigos se re\u00fanem na sede de clube em Pelotas ap\u00f3s acidente no PR \u2014 Foto: Reprodu\u00e7\u00e3o\/RBS TV<br><br><\/figcaption><\/figure>\n\n\n\n<h2 class=\"wp-block-heading\">&#8216;Um milagre&#8217;<\/h2>\n\n\n\n<p>Ainda em choque e com sentimentos conflitantes, a m\u00e3e de Jo\u00e3o Pedro Milgarejo, o \u00fanico integrante da equipe de remo que sobreviveu ao acidente ,&nbsp;<a class=\"\" href=\"https:\/\/g1.globo.com\/rs\/rio-grande-do-sul\/noticia\/2024\/10\/21\/mae-unico-atleta-sobrevivente-acidente-9-mortos-pr.ghtml\">diz sentir gratid\u00e3o pela vida do filho, mas o pesar pela perda dos outros jovens<\/a>.<\/p>\n\n\n\n<p>Jo\u00e3o Pedro teve poucas escoria\u00e7\u00f5es e nenhuma les\u00e3o grave, o que a m\u00e3e Graciele Timm Nolasco atribui a &#8220;um milagre&#8221;. &#8220;Gra\u00e7as a Deus ele t\u00e1 bem. Ele \u00e9 um milagre. Minha defini\u00e7\u00e3o hoje \u00e9 gratid\u00e3o, porque meu filho nasceu de novo. S\u00f3 o psicol\u00f3gico dele que a gente vai ter que tratar. Vai ser muito dif\u00edcil&#8221;, desabafou Graciele.<\/p>\n\n\n\n<p>At\u00e9 a tarde de segunda-feira, Jo\u00e3o Pedro n\u00e3o sabia da morte dos colegas a pedido da m\u00e3e. &#8220;Eu pedi para todos que n\u00e3o falassem nada para ele. O emocional dele vai [ficar] muito abalado&#8221;, afirma a m\u00e3e.<\/p>\n\n\n\n<p>O jovem atleta, de 17 anos,&nbsp;<a class=\"\" href=\"https:\/\/g1.globo.com\/rs\/rio-grande-do-sul\/noticia\/2024\/10\/21\/sobrevivente-acidente-pr-9-mortos.ghtml\">dedicou a medalha de ouro conquistada no Campeonato Brasileiro ao pai falecido e \u00e0 m\u00e3e<\/a>. O registro com a declara\u00e7\u00e3o do adolescente ao lado de tr\u00eas companheiros foi compartilhado no perfil oficial da Confedera\u00e7\u00e3o Brasileira de Remo.<\/p>\n\n\n\n<p><a href=\"https:\/\/g1.globo.com\/rs\/rio-grande-do-sul\/video\/sobrevivente-de-acidente-no-pr-que-deixou-9-mortos-dedicou-medalha-de-ouro-aos-pais-13030168.ghtml\"><strong>https:\/\/g1.globo.com\/rs\/rio-grande-do-sul\/video\/sobrevivente-de-acidente-no-pr-que-deixou-9-mortos-dedicou-medalha-de-ouro-aos-pais-13030168.ghtml<\/strong><\/a><\/p>\n\n\n\n<figure class=\"wp-block-image size-full\"><img loading=\"lazy\" decoding=\"async\" width=\"900\" height=\"408\" src=\"https:\/\/radiostudiow.com.br\/site\/wp-content\/uploads\/2024\/09\/image-64-1.png\" alt=\"\" class=\"wp-image-28207\" srcset=\"https:\/\/radiostudiow.com.br\/site\/wp-content\/uploads\/2024\/09\/image-64-1.png 900w, https:\/\/radiostudiow.com.br\/site\/wp-content\/uploads\/2024\/09\/image-64-1-300x136.png 300w, https:\/\/radiostudiow.com.br\/site\/wp-content\/uploads\/2024\/09\/image-64-1-768x348.png 768w\" sizes=\"auto, (max-width: 900px) 100vw, 900px\" \/><\/figure>\n\n\n\n<h2 class=\"wp-block-heading\">Manifesta\u00e7\u00f5es de pesar<\/h2>\n\n\n\n<p>O presidente Luiz In\u00e1cio Lula da Silva (PT) lamentou a morte da delega\u00e7\u00e3o. &#8220;N\u00e3o h\u00e1 palavras que possam descrever a dor de perder um filho ou neto. A dor \u00e9 irrepar\u00e1vel. Meus sentimentos e solidariedade aos familiares e amigos das v\u00edtimas&#8221;, disse.<\/p>\n\n\n\n<p>Natural de Pelotas, o governador Eduardo Leite (PSDB) disse que &#8220;esses jovens eram exemplos de dedica\u00e7\u00e3o, supera\u00e7\u00e3o e orgulho para todos n\u00f3s. Estavam no auge de suas carreiras, conquistando medalhas e levando o nome do nosso Rio Grande ao topo em uma competi\u00e7\u00e3o de grande relev\u00e2ncia nacional, o Campeonato Brasileiro Unificado, disputado em&nbsp;<a class=\"\" href=\"https:\/\/g1.globo.com\/sp\/sao-paulo\/cidade\/sao-paulo\/\">S\u00e3o Paulo<\/a>&#8220;.<\/p>\n\n\n\n<figure class=\"wp-block-image size-full\"><img loading=\"lazy\" decoding=\"async\" width=\"984\" height=\"554\" src=\"https:\/\/radiostudiow.com.br\/site\/wp-content\/uploads\/2024\/10\/image-50.png\" alt=\"\" class=\"wp-image-29150\" srcset=\"https:\/\/radiostudiow.com.br\/site\/wp-content\/uploads\/2024\/10\/image-50.png 984w, https:\/\/radiostudiow.com.br\/site\/wp-content\/uploads\/2024\/10\/image-50-300x169.png 300w, https:\/\/radiostudiow.com.br\/site\/wp-content\/uploads\/2024\/10\/image-50-768x432.png 768w\" sizes=\"auto, (max-width: 984px) 100vw, 984px\" \/><figcaption class=\"wp-element-caption\">Acidente na BR-376: manifesta\u00e7\u00f5es do presidente Lula e do governador do RS, Eduardo Leite \u2014 Foto: Reprodu\u00e7\u00e3o\/RBS TV<br><\/figcaption><\/figure>\n\n\n\n<p>A prefeita de Pelotas, Paula Mascarenhas (PSDB),&nbsp;<a class=\"\" href=\"https:\/\/g1.globo.com\/rs\/rio-grande-do-sul\/noticia\/2024\/10\/21\/acidente-no-paran-atletas-de-remo-pelotas.ghtml\">decretou luto oficial de sete dias<\/a>. &#8220;Eles partiram de forma inesperada, deixando uma dor imensa em todos n\u00f3s. Que possamos encontrar consolo nas lembran\u00e7as que eles nos deixaram, e na esperan\u00e7a de que seu legado de amor, determina\u00e7\u00e3o e companheirismo continue vivo em cada um de n\u00f3s, inspirando nossas a\u00e7\u00f5es e nossas vidas&#8221;, disse.<\/p>\n\n\n\n<p>O ministro do Esporte, Andr\u00e9 Fufuca (PP), destacou que quatro v\u00edtimas eram benefici\u00e1rias do programa Bolsa Atleta. &#8220;Em nome de toda a comunidade esportiva, expressamos nosso profundo pesar por essa trag\u00e9dia que afeta a todos. Desejamos for\u00e7a e coragem para enfrentarem essas perdas irrepar\u00e1veis e colocamos o Minist\u00e9rio do Esporte \u00e0 disposi\u00e7\u00e3o para auxiliar naquilo que for necess\u00e1rio&#8221;, falou.<\/p>\n\n\n\n<figure class=\"wp-block-image size-full\"><img loading=\"lazy\" decoding=\"async\" width=\"897\" height=\"204\" src=\"https:\/\/radiostudiow.com.br\/site\/wp-content\/uploads\/2024\/08\/TIJOLAO.png\" alt=\"\" class=\"wp-image-25951\" srcset=\"https:\/\/radiostudiow.com.br\/site\/wp-content\/uploads\/2024\/08\/TIJOLAO.png 897w, https:\/\/radiostudiow.com.br\/site\/wp-content\/uploads\/2024\/08\/TIJOLAO-300x68.png 300w, https:\/\/radiostudiow.com.br\/site\/wp-content\/uploads\/2024\/08\/TIJOLAO-768x175.png 768w\" sizes=\"auto, (max-width: 897px) 100vw, 897px\" \/><\/figure>\n\n\n\n<p>A presidente da Confedera\u00e7\u00e3o Brasileira de Remo, Magali Moreira, divulgou uma nota em nome da entidade em que &#8220;se solidariza com a dor de amigos familiares dos atletas, da equipe do Centro Portugu\u00eas e Remar para o Futuro, atingidos pela trag\u00e9dia&#8221;.<\/p>\n\n\n\n<p>O clube de futebol Gr\u00eamio Esportivo Brasil, que perdeu tr\u00eas integrantes de sua delega\u00e7\u00e3o em um acidente de \u00f4nibus em 2009, manifestou pesar pela trag\u00e9dia. &#8220;Neste momento dif\u00edcil e de grande dor, desejamos for\u00e7a aos familiares, amigos e toda a comunidade pelotense&#8221;, afirmou, em nota.<\/p>\n\n\n\n<p>O Esporte Clube Pelotas tamb\u00e9m lamentou o acidente. &#8220;O Esporte Clube Pelotas est\u00e1 de luto pela trag\u00e9dia envolvendo os atletas do projeto vitorioso Remar para o Futuro que retornava para cidade ap\u00f3s competi\u00e7\u00e3o em S\u00e3o Paulo&#8221;, disse a entidade.<\/p>\n\n\n\n<p>Gr\u00eamio, Internacional e Juventude, clubes ga\u00fachos da s\u00e9rie A do Campeonato Brasileiro de futebol, tamb\u00e9m se solidarizaram diante da trag\u00e9dia.<\/p>\n\n\n\n<figure class=\"wp-block-image size-full\"><img loading=\"lazy\" decoding=\"async\" width=\"984\" height=\"738\" src=\"https:\/\/radiostudiow.com.br\/site\/wp-content\/uploads\/2024\/10\/image-51.png\" alt=\"\" class=\"wp-image-29151\" srcset=\"https:\/\/radiostudiow.com.br\/site\/wp-content\/uploads\/2024\/10\/image-51.png 984w, https:\/\/radiostudiow.com.br\/site\/wp-content\/uploads\/2024\/10\/image-51-300x225.png 300w, https:\/\/radiostudiow.com.br\/site\/wp-content\/uploads\/2024\/10\/image-51-768x576.png 768w\" sizes=\"auto, (max-width: 984px) 100vw, 984px\" \/><figcaption class=\"wp-element-caption\">Carreta container tomba sobre van e mata nove pessoas de equipe de remo na BR-376 no Paran\u00e1 \u2014 Foto: Corpo de Bombeiros<br><br><\/figcaption><\/figure>\n\n\n\n<h2 class=\"wp-block-heading\">O acidente<\/h2>\n\n\n\n<p>O acidente ocorreu ap\u00f3s uma carreta cont\u00eainer tombar sobre a van que transportava a equipe de remo na BR-376, por volta das 21h40 de domingo, em Guaratuba, no litoral do Paran\u00e1.<\/p>\n\n\n\n<p>De acordo com a Pol\u00edcia Rodovi\u00e1ria Federal (PRF), o acidente aconteceu no km 665, sentido Santa Catarina. A van saiu de S\u00e3o Paulo e tinha como destino o munic\u00edpio de Pelotas. Por conta do acidente, a rodovia ficou interditada por 15 horas e chegou a registrar 22 quil\u00f4metros de congestionamento. A pista no sentido Santa Catarina foi liberada \u00e0s 11h57 de segunda, de acordo com a concession\u00e1ria Arteris Litoral Sul.<\/p>\n\n\n\n<p>A PRF informou que a suspeita \u00e9 que a carreta perdeu os freios e colidiu na traseira da van. Com o impacto, a van bateu em outro carro, rodou na rodovia e, em seguida, foi arrastada para fora da pista pelo caminh\u00e3o, que tombou sobre ela.<\/p>\n\n\n\n<figure class=\"wp-block-image size-large\"><img loading=\"lazy\" decoding=\"async\" width=\"392\" height=\"1024\" src=\"https:\/\/radiostudiow.com.br\/site\/wp-content\/uploads\/2024\/10\/image-52-392x1024.png\" alt=\"\" class=\"wp-image-29152\" srcset=\"https:\/\/radiostudiow.com.br\/site\/wp-content\/uploads\/2024\/10\/image-52-392x1024.png 392w, https:\/\/radiostudiow.com.br\/site\/wp-content\/uploads\/2024\/10\/image-52-115x300.png 115w, https:\/\/radiostudiow.com.br\/site\/wp-content\/uploads\/2024\/10\/image-52-768x2007.png 768w, https:\/\/radiostudiow.com.br\/site\/wp-content\/uploads\/2024\/10\/image-52-588x1536.png 588w, https:\/\/radiostudiow.com.br\/site\/wp-content\/uploads\/2024\/10\/image-52-784x2048.png 784w, https:\/\/radiostudiow.com.br\/site\/wp-content\/uploads\/2024\/10\/image-52.png 984w\" sizes=\"auto, (max-width: 392px) 100vw, 392px\" \/><figcaption class=\"wp-element-caption\">Mata mostra local do acidente que vitimou 9 pessoas do RS no PR \u2014 Foto: Arte g1<br><br><\/figcaption><\/figure>\n\n\n\n<h2 class=\"wp-block-heading\">Investiga\u00e7\u00e3o<\/h2>\n\n\n\n<p>A Pol\u00edcia Civil do Paran\u00e1 (PC-PR) investiga se a carreta que tombou sobre uma van que transportava integrantes de um time de remo perdeu os freios antes do acidente. A pol\u00edcia pretende ouvir o motorista do caminh\u00e3o, um homem de 30 anos.<\/p>\n\n\n\n<p>&#8220;O procedimento vai ser devidamente instaurado pela Delegacia de Delitos de Tr\u00e2nsito de&nbsp;<a class=\"\" href=\"https:\/\/g1.globo.com\/pr\/parana\/cidade\/curitiba\/\">Curitiba<\/a>, inicialmente pela pr\u00e1tica do crime de homic\u00eddio culposo na dire\u00e7\u00e3o de ve\u00edculo automotor. J\u00e1 temos a identifica\u00e7\u00e3o do condutor do caminh\u00e3o, que provavelmente ser\u00e1 ouvido nas pr\u00f3ximas horas para que possa contribuir no esclarecimentos dos fatos&#8221;, disse o delegado Edgar Santana.<\/p>\n\n\n\n<figure class=\"wp-block-image\"><img decoding=\"async\" src=\"https:\/\/s2-g1.glbimg.com\/mJULVWJtENpwZW0qIppXod4NACQ=\/0x0:1920x1080\/984x0\/smart\/filters:strip_icc()\/i.s3.glbimg.com\/v1\/AUTH_59edd422c0c84a879bd37670ae4f538a\/internal_photos\/bs\/2024\/p\/s\/DovN10QYGZvowWGsBqaQ\/acidente-2.png\" alt=\"Ilustra\u00e7\u00e3o mostra como teria ocorrido acidente na BR-376, no Paran\u00e1 \u2014 Foto: Reprodu\u00e7\u00e3o\/TV Globo\"\/><figcaption class=\"wp-element-caption\">Ilustra\u00e7\u00e3o mostra como teria ocorrido acidente na BR-376, no Paran\u00e1 \u2014 Foto: Reprodu\u00e7\u00e3o\/TV Globo<br><\/figcaption><\/figure>\n","protected":false},"excerpt":{"rendered":"<p>Est\u00e1 marcado para esta ter\u00e7a-feira (22), em\u00a0Pelotas, na Regi\u00e3o Sul do Rio Grande do Sul, o\u00a0vel\u00f3rio coletivo\u00a0das\u00a0v\u00edtimas do acidente com nove mortos\u00a0ocorrido na noite de domingo (20) na BR-376, em\u00a0Guaratuba (PR). A cerim\u00f4nia ser\u00e1 realizada na sede campestre do clube Centro Portugu\u00eas 1\u00ba Dezembro. At\u00e9 a atualiza\u00e7\u00e3o mais recente desta reportagem, n\u00e3o havia confirma\u00e7\u00e3o do [&hellip;]<\/p>\n","protected":false},"author":2,"featured_media":29153,"comment_status":"open","ping_status":"open","sticky":false,"template":"","format":"standard","meta":{"footnotes":""},"categories":[185],"tags":[172],"class_list":["post-29147","post","type-post","status-publish","format-standard","has-post-thumbnail","hentry","category-regional","tag-featured"],"amp_enabled":true,"_links":{"self":[{"href":"https:\/\/radiostudiow.com.br\/site\/wp-json\/wp\/v2\/posts\/29147","targetHints":{"allow":["GET"]}}],"collection":[{"href":"https:\/\/radiostudiow.com.br\/site\/wp-json\/wp\/v2\/posts"}],"about":[{"href":"https:\/\/radiostudiow.com.br\/site\/wp-json\/wp\/v2\/types\/post"}],"author":[{"embeddable":true,"href":"https:\/\/radiostudiow.com.br\/site\/wp-json\/wp\/v2\/users\/2"}],"replies":[{"embeddable":true,"href":"https:\/\/radiostudiow.com.br\/site\/wp-json\/wp\/v2\/comments?post=29147"}],"version-history":[{"count":1,"href":"https:\/\/radiostudiow.com.br\/site\/wp-json\/wp\/v2\/posts\/29147\/revisions"}],"predecessor-version":[{"id":29154,"href":"https:\/\/radiostudiow.com.br\/site\/wp-json\/wp\/v2\/posts\/29147\/revisions\/29154"}],"wp:featuredmedia":[{"embeddable":true,"href":"https:\/\/radiostudiow.com.br\/site\/wp-json\/wp\/v2\/media\/29153"}],"wp:attachment":[{"href":"https:\/\/radiostudiow.com.br\/site\/wp-json\/wp\/v2\/media?parent=29147"}],"wp:term":[{"taxonomy":"category","embeddable":true,"href":"https:\/\/radiostudiow.com.br\/site\/wp-json\/wp\/v2\/categories?post=29147"},{"taxonomy":"post_tag","embeddable":true,"href":"https:\/\/radiostudiow.com.br\/site\/wp-json\/wp\/v2\/tags?post=29147"}],"curies":[{"name":"wp","href":"https:\/\/api.w.org\/{rel}","templated":true}]}}