{"id":29155,"date":"2024-10-22T11:02:38","date_gmt":"2024-10-22T14:02:38","guid":{"rendered":"https:\/\/radiostudiow.com.br\/site\/?p=29155"},"modified":"2025-01-31T14:58:19","modified_gmt":"2025-01-31T17:58:19","slug":"pm-de-porto-vitoria-apreende-homem-por-porte-ilegal-de-arma-branca","status":"publish","type":"post","link":"https:\/\/radiostudiow.com.br\/site\/2024\/10\/22\/pm-de-porto-vitoria-apreende-homem-por-porte-ilegal-de-arma-branca\/","title":{"rendered":"PM de Porto Vit\u00f3ria apreende homem por porte ilegal de arma branca"},"content":{"rendered":"\n<p>A equipe da Pol\u00edcia Militar de Porto Vit\u00f3ria realizou Opera\u00e7\u00e3o de Fiscaliza\u00e7\u00e3o na \u00e1rea central da cidade por volta das 19 horas desse domingo (20).<\/p>\n\n\n\n<figure class=\"wp-block-image size-full\"><img loading=\"lazy\" decoding=\"async\" width=\"598\" height=\"204\" src=\"https:\/\/radiostudiow.com.br\/site\/wp-content\/uploads\/2024\/04\/image-39.png\" alt=\"\" class=\"wp-image-21311\" srcset=\"https:\/\/radiostudiow.com.br\/site\/wp-content\/uploads\/2024\/04\/image-39.png 598w, https:\/\/radiostudiow.com.br\/site\/wp-content\/uploads\/2024\/04\/image-39-300x102.png 300w\" sizes=\"auto, (max-width: 598px) 100vw, 598px\" \/><\/figure>\n\n\n\n<p>Durante abordagem em estabelecimento bar, em busca pessoal em um indiv\u00edduo foi localizada uma arma branca (faca), sendo o abordado encaminhado junto do objeto apreendido at\u00e9 o Pelot\u00e3o da Pol\u00edcia Militar para lavratura do termo circunstanciado.<\/p>\n","protected":false},"excerpt":{"rendered":"<p>A equipe da Pol\u00edcia Militar de Porto Vit\u00f3ria realizou Opera\u00e7\u00e3o de Fiscaliza\u00e7\u00e3o na \u00e1rea central da cidade por volta das 19 horas desse domingo (20). Durante abordagem em estabelecimento bar, em busca pessoal em um indiv\u00edduo foi localizada uma arma branca (faca), sendo o abordado encaminhado junto do objeto apreendido at\u00e9 o Pelot\u00e3o da Pol\u00edcia [&hellip;]<\/p>\n","protected":false},"author":2,"featured_media":15416,"comment_status":"open","ping_status":"open","sticky":false,"template":"","format":"standard","meta":{"footnotes":""},"categories":[2],"tags":[172],"class_list":["post-29155","post","type-post","status-publish","format-standard","has-post-thumbnail","hentry","category-policial","tag-featured"],"amp_enabled":true,"_links":{"self":[{"href":"https:\/\/radiostudiow.com.br\/site\/wp-json\/wp\/v2\/posts\/29155","targetHints":{"allow":["GET"]}}],"collection":[{"href":"https:\/\/radiostudiow.com.br\/site\/wp-json\/wp\/v2\/posts"}],"about":[{"href":"https:\/\/radiostudiow.com.br\/site\/wp-json\/wp\/v2\/types\/post"}],"author":[{"embeddable":true,"href":"https:\/\/radiostudiow.com.br\/site\/wp-json\/wp\/v2\/users\/2"}],"replies":[{"embeddable":true,"href":"https:\/\/radiostudiow.com.br\/site\/wp-json\/wp\/v2\/comments?post=29155"}],"version-history":[{"count":1,"href":"https:\/\/radiostudiow.com.br\/site\/wp-json\/wp\/v2\/posts\/29155\/revisions"}],"predecessor-version":[{"id":29156,"href":"https:\/\/radiostudiow.com.br\/site\/wp-json\/wp\/v2\/posts\/29155\/revisions\/29156"}],"wp:featuredmedia":[{"embeddable":true,"href":"https:\/\/radiostudiow.com.br\/site\/wp-json\/wp\/v2\/media\/15416"}],"wp:attachment":[{"href":"https:\/\/radiostudiow.com.br\/site\/wp-json\/wp\/v2\/media?parent=29155"}],"wp:term":[{"taxonomy":"category","embeddable":true,"href":"https:\/\/radiostudiow.com.br\/site\/wp-json\/wp\/v2\/categories?post=29155"},{"taxonomy":"post_tag","embeddable":true,"href":"https:\/\/radiostudiow.com.br\/site\/wp-json\/wp\/v2\/tags?post=29155"}],"curies":[{"name":"wp","href":"https:\/\/api.w.org\/{rel}","templated":true}]}}