{"id":29157,"date":"2024-10-22T11:14:45","date_gmt":"2024-10-22T14:14:45","guid":{"rendered":"https:\/\/radiostudiow.com.br\/site\/?p=29157"},"modified":"2025-01-31T14:58:19","modified_gmt":"2025-01-31T17:58:19","slug":"pm-de-general-carneiro-apreendeu-um-menor-por-direcao-perigosa-de-veiculo-dirigir-veiculo-sem-cnh-e-desobediencia","status":"publish","type":"post","link":"https:\/\/radiostudiow.com.br\/site\/2024\/10\/22\/pm-de-general-carneiro-apreendeu-um-menor-por-direcao-perigosa-de-veiculo-dirigir-veiculo-sem-cnh-e-desobediencia\/","title":{"rendered":"PM de General Carneiro apreendeu um menor por dire\u00e7\u00e3o perigosa de ve\u00edculo, dirigir ve\u00edculo sem CNH e desobedi\u00eancia"},"content":{"rendered":"\n<p>A equipe realizava patrulhamento na \u00e1rea central da cidade por volta das 23 horas desse domingo, 20 de outubro, quando se deparou com um ve\u00edculo VW\/Gol, que ao perceber a presen\u00e7a policial empreendeu fuga.<\/p>\n\n\n\n<figure class=\"wp-block-image size-full\"><img loading=\"lazy\" decoding=\"async\" width=\"300\" height=\"180\" src=\"https:\/\/radiostudiow.com.br\/site\/wp-content\/uploads\/2024\/04\/image-26.png\" alt=\"\" class=\"wp-image-21279\"\/><\/figure>\n\n\n\n<p>Sendo abordado ap\u00f3s acompanhamento t\u00e1tico, foi realizada busca pessoal no condutor abordado e nada de il\u00edcito foi localizado. O condutor foi identificado, menor de idade (17 anos). Devido aos crimes cometidos, foi apreendido o menor.<\/p>\n\n\n\n<p>O ve\u00edculo foi recolhido pelo mau estado de conserva\u00e7\u00e3o, bem como pelas infra\u00e7\u00f5es cometidas, sendo lavrados os autos de infra\u00e7\u00e3o pertinentes. Conduzidas as partes at\u00e9 a 4\u00b0 SDP para as provid\u00eancias.<\/p>\n","protected":false},"excerpt":{"rendered":"<p>A equipe realizava patrulhamento na \u00e1rea central da cidade por volta das 23 horas desse domingo, 20 de outubro, quando se deparou com um ve\u00edculo VW\/Gol, que ao perceber a presen\u00e7a policial empreendeu fuga. Sendo abordado ap\u00f3s acompanhamento t\u00e1tico, foi realizada busca pessoal no condutor abordado e nada de il\u00edcito foi localizado. O condutor foi [&hellip;]<\/p>\n","protected":false},"author":2,"featured_media":24373,"comment_status":"open","ping_status":"open","sticky":false,"template":"","format":"standard","meta":{"footnotes":""},"categories":[2],"tags":[172],"class_list":["post-29157","post","type-post","status-publish","format-standard","has-post-thumbnail","hentry","category-policial","tag-featured"],"amp_enabled":true,"_links":{"self":[{"href":"https:\/\/radiostudiow.com.br\/site\/wp-json\/wp\/v2\/posts\/29157","targetHints":{"allow":["GET"]}}],"collection":[{"href":"https:\/\/radiostudiow.com.br\/site\/wp-json\/wp\/v2\/posts"}],"about":[{"href":"https:\/\/radiostudiow.com.br\/site\/wp-json\/wp\/v2\/types\/post"}],"author":[{"embeddable":true,"href":"https:\/\/radiostudiow.com.br\/site\/wp-json\/wp\/v2\/users\/2"}],"replies":[{"embeddable":true,"href":"https:\/\/radiostudiow.com.br\/site\/wp-json\/wp\/v2\/comments?post=29157"}],"version-history":[{"count":1,"href":"https:\/\/radiostudiow.com.br\/site\/wp-json\/wp\/v2\/posts\/29157\/revisions"}],"predecessor-version":[{"id":29158,"href":"https:\/\/radiostudiow.com.br\/site\/wp-json\/wp\/v2\/posts\/29157\/revisions\/29158"}],"wp:featuredmedia":[{"embeddable":true,"href":"https:\/\/radiostudiow.com.br\/site\/wp-json\/wp\/v2\/media\/24373"}],"wp:attachment":[{"href":"https:\/\/radiostudiow.com.br\/site\/wp-json\/wp\/v2\/media?parent=29157"}],"wp:term":[{"taxonomy":"category","embeddable":true,"href":"https:\/\/radiostudiow.com.br\/site\/wp-json\/wp\/v2\/categories?post=29157"},{"taxonomy":"post_tag","embeddable":true,"href":"https:\/\/radiostudiow.com.br\/site\/wp-json\/wp\/v2\/tags?post=29157"}],"curies":[{"name":"wp","href":"https:\/\/api.w.org\/{rel}","templated":true}]}}