{"id":29159,"date":"2024-10-22T20:38:12","date_gmt":"2024-10-22T23:38:12","guid":{"rendered":"https:\/\/radiostudiow.com.br\/site\/?p=29159"},"modified":"2025-01-31T14:58:19","modified_gmt":"2025-01-31T17:58:19","slug":"mae-de-aluna-invade-escola-agride-e-ameaca-professora-em-mallet","status":"publish","type":"post","link":"https:\/\/radiostudiow.com.br\/site\/2024\/10\/22\/mae-de-aluna-invade-escola-agride-e-ameaca-professora-em-mallet\/","title":{"rendered":"M\u00e3e de aluna invade escola, agride e amea\u00e7a professora em Mallet"},"content":{"rendered":"\n<figure class=\"wp-block-image size-full\"><img loading=\"lazy\" decoding=\"async\" width=\"598\" height=\"204\" src=\"https:\/\/radiostudiow.com.br\/site\/wp-content\/uploads\/2024\/10\/labirati.png\" alt=\"\" class=\"wp-image-28854\" srcset=\"https:\/\/radiostudiow.com.br\/site\/wp-content\/uploads\/2024\/10\/labirati.png 598w, https:\/\/radiostudiow.com.br\/site\/wp-content\/uploads\/2024\/10\/labirati-300x102.png 300w\" sizes=\"auto, (max-width: 598px) 100vw, 598px\" \/><\/figure>\n\n\n\n<p>Uma mulher invadiu um col\u00e9gio estadual da cidade de Mallet, provocando um incidente que gerou tens\u00e3o entre alunos e funcion\u00e1rios por volta das 13h nesta segunda-feira (21). A diretora acionou a Pol\u00edcia Militar, ap\u00f3s a mulher que \u00e9 m\u00e3e de uma aluna da instituin\u00e7\u00e3o, agredir uma professora durante uma discuss\u00e3o.<\/p>\n\n\n\n<p>Ao chegarem \u00e0 escola, os policiais encontraram a mulher visivelmente alterada, fazendo amea\u00e7as e xingamentos aos funcion\u00e1rios. Testemunhas relataram que a situa\u00e7\u00e3o se agravou rapidamente, dificultando a conten\u00e7\u00e3o do conflito. As raz\u00f5es que motivaram a agress\u00e3o ainda n\u00e3o foram esclarecidas.<\/p>\n\n\n\n<figure class=\"wp-block-image size-full\"><img decoding=\"async\" src=\"https:\/\/radiostudiow.com.br\/site\/wp-content\/uploads\/2024\/04\/image-47.png\" alt=\"\" class=\"wp-image-21404\"\/><\/figure>\n\n\n\n<p>Ap\u00f3s a interven\u00e7\u00e3o, as partes envolvidas foram levadas ao pelot\u00e3o da Pol\u00edcia Militar, onde foi registrado o termo circunstanciado. A dire\u00e7\u00e3o da escola afirmou que tomar\u00e1 as medidas necess\u00e1rias para garantir a seguran\u00e7a de todos e destacou a import\u00e2ncia do di\u00e1logo entre pais e institui\u00e7\u00f5es de ensino para evitar recorr\u00eancias de situa\u00e7\u00f5es semelhantes.<\/p>\n","protected":false},"excerpt":{"rendered":"<p>Uma mulher invadiu um col\u00e9gio estadual da cidade de Mallet, provocando um incidente que gerou tens\u00e3o entre alunos e funcion\u00e1rios por volta das 13h nesta segunda-feira (21). A diretora acionou a Pol\u00edcia Militar, ap\u00f3s a mulher que \u00e9 m\u00e3e de uma aluna da instituin\u00e7\u00e3o, agredir uma professora durante uma discuss\u00e3o. Ao chegarem \u00e0 escola, os [&hellip;]<\/p>\n","protected":false},"author":2,"featured_media":22171,"comment_status":"open","ping_status":"open","sticky":false,"template":"","format":"standard","meta":{"footnotes":""},"categories":[2],"tags":[172],"class_list":["post-29159","post","type-post","status-publish","format-standard","has-post-thumbnail","hentry","category-policial","tag-featured"],"amp_enabled":true,"_links":{"self":[{"href":"https:\/\/radiostudiow.com.br\/site\/wp-json\/wp\/v2\/posts\/29159","targetHints":{"allow":["GET"]}}],"collection":[{"href":"https:\/\/radiostudiow.com.br\/site\/wp-json\/wp\/v2\/posts"}],"about":[{"href":"https:\/\/radiostudiow.com.br\/site\/wp-json\/wp\/v2\/types\/post"}],"author":[{"embeddable":true,"href":"https:\/\/radiostudiow.com.br\/site\/wp-json\/wp\/v2\/users\/2"}],"replies":[{"embeddable":true,"href":"https:\/\/radiostudiow.com.br\/site\/wp-json\/wp\/v2\/comments?post=29159"}],"version-history":[{"count":3,"href":"https:\/\/radiostudiow.com.br\/site\/wp-json\/wp\/v2\/posts\/29159\/revisions"}],"predecessor-version":[{"id":29176,"href":"https:\/\/radiostudiow.com.br\/site\/wp-json\/wp\/v2\/posts\/29159\/revisions\/29176"}],"wp:featuredmedia":[{"embeddable":true,"href":"https:\/\/radiostudiow.com.br\/site\/wp-json\/wp\/v2\/media\/22171"}],"wp:attachment":[{"href":"https:\/\/radiostudiow.com.br\/site\/wp-json\/wp\/v2\/media?parent=29159"}],"wp:term":[{"taxonomy":"category","embeddable":true,"href":"https:\/\/radiostudiow.com.br\/site\/wp-json\/wp\/v2\/categories?post=29159"},{"taxonomy":"post_tag","embeddable":true,"href":"https:\/\/radiostudiow.com.br\/site\/wp-json\/wp\/v2\/tags?post=29159"}],"curies":[{"name":"wp","href":"https:\/\/api.w.org\/{rel}","templated":true}]}}