{"id":29170,"date":"2024-10-23T21:25:40","date_gmt":"2024-10-24T00:25:40","guid":{"rendered":"https:\/\/radiostudiow.com.br\/site\/?p=29170"},"modified":"2025-01-31T14:58:19","modified_gmt":"2025-01-31T17:58:19","slug":"mulher-e-vitima-de-violencia-sexual-e-filho-defende-agressor-em-uniao-da-vitoria","status":"publish","type":"post","link":"https:\/\/radiostudiow.com.br\/site\/2024\/10\/23\/mulher-e-vitima-de-violencia-sexual-e-filho-defende-agressor-em-uniao-da-vitoria\/","title":{"rendered":"Mulher \u00e9 v\u00edtima de viol\u00eancia sexual e filho defende agressor em Uni\u00e3o da Vit\u00f3ria"},"content":{"rendered":"\n<p>A equipe da Pol\u00edcia Militar de Uni\u00e3o da Vit\u00f3ria foi acionada para averiguar uma ocorr\u00eancia de viol\u00eancia dom\u00e9stica em uma resid\u00eancia no bairro Panorama por volta das 17 horas desta segunda-feira (21).&nbsp;<\/p>\n\n\n\n<figure class=\"wp-block-image size-full\"><img loading=\"lazy\" decoding=\"async\" width=\"900\" height=\"408\" src=\"https:\/\/radiostudiow.com.br\/site\/wp-content\/uploads\/2024\/09\/image-64-1.png\" alt=\"\" class=\"wp-image-28207\" srcset=\"https:\/\/radiostudiow.com.br\/site\/wp-content\/uploads\/2024\/09\/image-64-1.png 900w, https:\/\/radiostudiow.com.br\/site\/wp-content\/uploads\/2024\/09\/image-64-1-300x136.png 300w, https:\/\/radiostudiow.com.br\/site\/wp-content\/uploads\/2024\/09\/image-64-1-768x348.png 768w\" sizes=\"auto, (max-width: 900px) 100vw, 900px\" \/><\/figure>\n\n\n\n<p>No local, os policiais foram recebidos por um senhor, filho da v\u00edtima, que demonstrou grande desconforto com a presen\u00e7a da equipe, tentando desviar a aten\u00e7\u00e3o para evitar que os policiais falassem com a v\u00edtima.<\/p>\n\n\n\n<p>Quando a v\u00edtima saiu de casa para conversar com os policiais, os agentes notaram que seus bra\u00e7os estavam ensanguentados e apresentavam hematomas.&nbsp;Ao serem questionados sobre o que havia acontecido, o filho revelou que ele mesmo havia causado as les\u00f5es, afirmando que segurou a m\u00e3e pelos bra\u00e7os, o que resultou em feridas devido \u00e0 condi\u00e7\u00e3o de sa\u00fade dela.<\/p>\n\n\n\n<figure class=\"wp-block-image size-full\"><img loading=\"lazy\" decoding=\"async\" width=\"598\" height=\"204\" src=\"https:\/\/radiostudiow.com.br\/site\/wp-content\/uploads\/2024\/10\/labirati.png\" alt=\"\" class=\"wp-image-28854\" srcset=\"https:\/\/radiostudiow.com.br\/site\/wp-content\/uploads\/2024\/10\/labirati.png 598w, https:\/\/radiostudiow.com.br\/site\/wp-content\/uploads\/2024\/10\/labirati-300x102.png 300w\" sizes=\"auto, (max-width: 598px) 100vw, 598px\" \/><\/figure>\n\n\n\n<p>No entanto, ao conversar com a v\u00edtima, ela relatou que vinha enfrentando problemas s\u00e9rios com seu atual marido.&nbsp;De acordo com seu relato, hoje ele teria tentado for\u00e7\u00e1-la a ter rela\u00e7\u00f5es sexuais sem seu consentimento. Diante da negativa, ele a amea\u00e7ou de morte com uma faca. A mulher conseguiu sair de casa, mas seu filho a seguiu e a segurou pelos bra\u00e7os, contribuindo para as les\u00f5es.<\/p>\n\n\n\n<p>A v\u00edtima tamb\u00e9m mencionou que, h\u00e1 cerca de um m\u00eas, seu convivente a impedia de sair para consultas m\u00e9dicas, comprometendo seu tratamento de sa\u00fade.&nbsp;Diante das evid\u00eancias, tanto o filho quanto o marido foram conduzidos \u00e0 4\u00aa SDP, enquanto a mulher foi levada \u00e0 UPA de Uni\u00e3o da Vit\u00f3ria para atendimento m\u00e9dico.<\/p>\n","protected":false},"excerpt":{"rendered":"<p>A equipe da Pol\u00edcia Militar de Uni\u00e3o da Vit\u00f3ria foi acionada para averiguar uma ocorr\u00eancia de viol\u00eancia dom\u00e9stica em uma resid\u00eancia no bairro Panorama por volta das 17 horas desta segunda-feira (21).&nbsp; No local, os policiais foram recebidos por um senhor, filho da v\u00edtima, que demonstrou grande desconforto com a presen\u00e7a da equipe, tentando desviar [&hellip;]<\/p>\n","protected":false},"author":2,"featured_media":29243,"comment_status":"open","ping_status":"open","sticky":false,"template":"","format":"standard","meta":{"footnotes":""},"categories":[2],"tags":[172],"class_list":["post-29170","post","type-post","status-publish","format-standard","has-post-thumbnail","hentry","category-policial","tag-featured"],"amp_enabled":true,"_links":{"self":[{"href":"https:\/\/radiostudiow.com.br\/site\/wp-json\/wp\/v2\/posts\/29170","targetHints":{"allow":["GET"]}}],"collection":[{"href":"https:\/\/radiostudiow.com.br\/site\/wp-json\/wp\/v2\/posts"}],"about":[{"href":"https:\/\/radiostudiow.com.br\/site\/wp-json\/wp\/v2\/types\/post"}],"author":[{"embeddable":true,"href":"https:\/\/radiostudiow.com.br\/site\/wp-json\/wp\/v2\/users\/2"}],"replies":[{"embeddable":true,"href":"https:\/\/radiostudiow.com.br\/site\/wp-json\/wp\/v2\/comments?post=29170"}],"version-history":[{"count":3,"href":"https:\/\/radiostudiow.com.br\/site\/wp-json\/wp\/v2\/posts\/29170\/revisions"}],"predecessor-version":[{"id":29244,"href":"https:\/\/radiostudiow.com.br\/site\/wp-json\/wp\/v2\/posts\/29170\/revisions\/29244"}],"wp:featuredmedia":[{"embeddable":true,"href":"https:\/\/radiostudiow.com.br\/site\/wp-json\/wp\/v2\/media\/29243"}],"wp:attachment":[{"href":"https:\/\/radiostudiow.com.br\/site\/wp-json\/wp\/v2\/media?parent=29170"}],"wp:term":[{"taxonomy":"category","embeddable":true,"href":"https:\/\/radiostudiow.com.br\/site\/wp-json\/wp\/v2\/categories?post=29170"},{"taxonomy":"post_tag","embeddable":true,"href":"https:\/\/radiostudiow.com.br\/site\/wp-json\/wp\/v2\/tags?post=29170"}],"curies":[{"name":"wp","href":"https:\/\/api.w.org\/{rel}","templated":true}]}}