{"id":29179,"date":"2024-10-22T21:15:42","date_gmt":"2024-10-23T00:15:42","guid":{"rendered":"https:\/\/radiostudiow.com.br\/site\/?p=29179"},"modified":"2025-01-31T14:58:19","modified_gmt":"2025-01-31T17:58:19","slug":"upa-de-uniao-da-vitoria-emite-nota-apos-morte-de-crianca","status":"publish","type":"post","link":"https:\/\/radiostudiow.com.br\/site\/2024\/10\/22\/upa-de-uniao-da-vitoria-emite-nota-apos-morte-de-crianca\/","title":{"rendered":"Upa de Uni\u00e3o da Vit\u00f3ria emite nota ap\u00f3s morte de crian\u00e7a"},"content":{"rendered":"\n<figure class=\"wp-block-image size-full\"><img loading=\"lazy\" decoding=\"async\" width=\"300\" height=\"180\" src=\"https:\/\/radiostudiow.com.br\/site\/wp-content\/uploads\/2024\/04\/SITE-PEQUENO-1.png\" alt=\"\" class=\"wp-image-21868\"\/><\/figure>\n\n\n\n<p>Uma beb\u00ea de 1 ano e 3 meses,&nbsp;Antonela Aparecida Sott,&nbsp;faleceu neste fim de semana em Uni\u00e3o da Vit\u00f3ria, e a fam\u00edlia acusa a UPA de neglig\u00eancia no atendimento.<\/p>\n\n\n\n<p>Segundo a fam\u00edlia, a menina apresentava febre, v\u00f4mito e diarreia e foi atendida na UPA no s\u00e1bado, 19, onde recebeu uma fita verde (atendimento n\u00e3o urgente) e foi medicada com uma inje\u00e7\u00e3o.&nbsp;Ap\u00f3s ser liberada, a crian\u00e7a apresentou piora e foi levada ao hospital APMI, onde sofreu uma parada card\u00edaca e morreu.<\/p>\n\n\n\n<figure class=\"wp-block-image size-full\"><img loading=\"lazy\" decoding=\"async\" width=\"500\" height=\"261\" src=\"https:\/\/radiostudiow.com.br\/site\/wp-content\/uploads\/2024\/10\/03-4.jpeg\" alt=\"\" class=\"wp-image-29180\" srcset=\"https:\/\/radiostudiow.com.br\/site\/wp-content\/uploads\/2024\/10\/03-4.jpeg 500w, https:\/\/radiostudiow.com.br\/site\/wp-content\/uploads\/2024\/10\/03-4-300x157.jpeg 300w\" sizes=\"auto, (max-width: 500px) 100vw, 500px\" \/><\/figure>\n\n\n\n<p>A fam\u00edlia suspeita que a inje\u00e7\u00e3o aplicada na UPA possa ter causado a morte e considera que houve neglig\u00eancia. O corpo da beb\u00ea n\u00e3o passou pelo IML, e o laudo m\u00e9dico aponta parada card\u00edaca como causa do \u00f3bito. O sepultamento ocorreu no domingo (20).<\/p>\n\n\n\n<p><strong>A Upa de Uni\u00e3o da Vit\u00f3ria divulgou uma nota sobre o ocorrido, confira:<\/strong><\/p>\n\n\n\n<p class=\"has-text-align-center\"><em>&#8220;Declaramos que, no dia 19 de outubro de 2024, a paciente A.A.S., de 1 ano e 3 meses, foi trazida \u00e0 Unidade de Pronto Atendimento \u2013 Warrib Motta, pelo pai, com entrada registrada \u00e0s 14h00. Durante a classifica\u00e7\u00e3o de risco, o pai relatou sintomas de diarreia e v\u00f4mito h\u00e1 um dia. Os sinais vitais da crian\u00e7a estavam est\u00e1veis e dentro da normalidade para a sua idade.<\/em><\/p>\n\n\n\n<p class=\"has-text-align-center\"><em>O pai negou qualquer hist\u00f3rico de alergias medicamentosas. Assim, \u00e0s 14h05, a crian\u00e7a foi inicialmente classificada como verde, de acordo com os sinais vitais apresentados no momento. No entanto, ap\u00f3s um epis\u00f3dio de v\u00f4mito, foi reclassificada como amarelo \u00e0s 14h42.<\/em><\/p>\n\n\n\n<p class=\"has-text-align-center\"><em>A paciente foi chamada e atendida pelo m\u00e9dico \u00e0s 14h44. Ap\u00f3s a avalia\u00e7\u00e3o m\u00e9dica e exame f\u00edsico, foi medicada conforme a conduta prescrita. A medica\u00e7\u00e3o foi administrada por via intramuscular no membro inferior direito (m\u00fasculo vasto lateral), por uma enfermeira especialista em neonatologia. Foi tamb\u00e9m prescrita medica\u00e7\u00e3o para uso domiciliar e a fam\u00edlia foi orientada a retornar \u00e0 unidade imediatamente caso houvesse sinais de piora ou rea\u00e7\u00f5es al\u00e9rgicas.<\/em><\/p>\n\n\n\n<p class=\"has-text-align-center\"><em>Reiteramos que a crian\u00e7a n\u00e3o veio a \u00f3bito na Unidade de Pronto Atendimento \u2013 Warrib Motta. O atendimento prestado seguiu todos os protocolos estabelecidos e foi realizado de forma adequada e diligente. \u00c9 essencial que as causas reais do \u00f3bito sejam devidamente apuradas, n\u00e3o apenas para trazer esclarecimentos \u00e0 fam\u00edlia, mas tamb\u00e9m para garantir uma investiga\u00e7\u00e3o justa e imparcial, ouvindo todas as partes envolvidas e considerando diferentes perspectivas antes de se chegar a uma conclus\u00e3o definitiva.<\/em><\/p>\n\n\n\n<p class=\"has-text-align-center\"><em>A equipe da UPA lamenta profundamente o ocorrido e se solidariza com a dor da fam\u00edlia pela perda irrepar\u00e1vel.<\/em><\/p>\n\n\n\n<p class=\"has-text-align-center\"><em>Atenciosamente, Equipe da Unidade de Pronto Atendimento \u2013 Warrib Motta&#8221;<\/em><\/p>\n","protected":false},"excerpt":{"rendered":"<p>Uma beb\u00ea de 1 ano e 3 meses,&nbsp;Antonela Aparecida Sott,&nbsp;faleceu neste fim de semana em Uni\u00e3o da Vit\u00f3ria, e a fam\u00edlia acusa a UPA de neglig\u00eancia no atendimento. Segundo a fam\u00edlia, a menina apresentava febre, v\u00f4mito e diarreia e foi atendida na UPA no s\u00e1bado, 19, onde recebeu uma fita verde (atendimento n\u00e3o urgente) e [&hellip;]<\/p>\n","protected":false},"author":2,"featured_media":29181,"comment_status":"open","ping_status":"open","sticky":false,"template":"","format":"standard","meta":{"footnotes":""},"categories":[185],"tags":[172],"class_list":["post-29179","post","type-post","status-publish","format-standard","has-post-thumbnail","hentry","category-regional","tag-featured"],"amp_enabled":true,"_links":{"self":[{"href":"https:\/\/radiostudiow.com.br\/site\/wp-json\/wp\/v2\/posts\/29179","targetHints":{"allow":["GET"]}}],"collection":[{"href":"https:\/\/radiostudiow.com.br\/site\/wp-json\/wp\/v2\/posts"}],"about":[{"href":"https:\/\/radiostudiow.com.br\/site\/wp-json\/wp\/v2\/types\/post"}],"author":[{"embeddable":true,"href":"https:\/\/radiostudiow.com.br\/site\/wp-json\/wp\/v2\/users\/2"}],"replies":[{"embeddable":true,"href":"https:\/\/radiostudiow.com.br\/site\/wp-json\/wp\/v2\/comments?post=29179"}],"version-history":[{"count":1,"href":"https:\/\/radiostudiow.com.br\/site\/wp-json\/wp\/v2\/posts\/29179\/revisions"}],"predecessor-version":[{"id":29182,"href":"https:\/\/radiostudiow.com.br\/site\/wp-json\/wp\/v2\/posts\/29179\/revisions\/29182"}],"wp:featuredmedia":[{"embeddable":true,"href":"https:\/\/radiostudiow.com.br\/site\/wp-json\/wp\/v2\/media\/29181"}],"wp:attachment":[{"href":"https:\/\/radiostudiow.com.br\/site\/wp-json\/wp\/v2\/media?parent=29179"}],"wp:term":[{"taxonomy":"category","embeddable":true,"href":"https:\/\/radiostudiow.com.br\/site\/wp-json\/wp\/v2\/categories?post=29179"},{"taxonomy":"post_tag","embeddable":true,"href":"https:\/\/radiostudiow.com.br\/site\/wp-json\/wp\/v2\/tags?post=29179"}],"curies":[{"name":"wp","href":"https:\/\/api.w.org\/{rel}","templated":true}]}}