{"id":29186,"date":"2024-10-23T09:44:27","date_gmt":"2024-10-23T12:44:27","guid":{"rendered":"https:\/\/radiostudiow.com.br\/site\/?p=29186"},"modified":"2025-01-31T14:58:19","modified_gmt":"2025-01-31T17:58:19","slug":"jovem-envolvido-em-acidente-na-br-153-em-paulo-frontin-morre-no-hospital","status":"publish","type":"post","link":"https:\/\/radiostudiow.com.br\/site\/2024\/10\/23\/jovem-envolvido-em-acidente-na-br-153-em-paulo-frontin-morre-no-hospital\/","title":{"rendered":"Jovem envolvido em acidente na BR-153, em Paulo Frontin, morre no hospital"},"content":{"rendered":"\n<p>Um grave acidente entre dois ve\u00edculos Volkswagen Gol, ambos com placas do Mercosul e registrados em Paulo Frontin, ocorreu na noite de domingo (20), por volta das 21h35, na BR-153, nas proximidades do Hotel Castelinho.<\/p>\n\n\n\n<figure class=\"wp-block-image size-full\"><img loading=\"lazy\" decoding=\"async\" width=\"897\" height=\"204\" src=\"https:\/\/radiostudiow.com.br\/site\/wp-content\/uploads\/2024\/04\/image-51.png\" alt=\"\" class=\"wp-image-21370\" srcset=\"https:\/\/radiostudiow.com.br\/site\/wp-content\/uploads\/2024\/04\/image-51.png 897w, https:\/\/radiostudiow.com.br\/site\/wp-content\/uploads\/2024\/04\/image-51-300x68.png 300w, https:\/\/radiostudiow.com.br\/site\/wp-content\/uploads\/2024\/04\/image-51-768x175.png 768w\" sizes=\"auto, (max-width: 897px) 100vw, 897px\" \/><\/figure>\n\n\n\n<p>A equipe da Studio W TV esteve no local e apurou que uma das v\u00edtimas foi socorrida inicialmente pelos Brigadistas Comunit\u00e1rios e, em seguida, encaminhada pelo SAMU para um hospital em Uni\u00e3o da Vit\u00f3ria, devido \u00e0 gravidade dos ferimentos.<\/p>\n\n\n\n<p>Na manh\u00e3 desta quarta-feira (23), foi confirmada a morte do motorista <strong>Tiago Redkva, de 22 anos, que n\u00e3o resistiu aos ferimentos.<\/strong><\/p>\n\n\n\n<p>Os ocupantes do outro ve\u00edculo envolvido no acidente n\u00e3o sofreram ferimentos graves.<\/p>\n\n\n\n<figure class=\"wp-block-image size-full is-resized\"><img loading=\"lazy\" decoding=\"async\" width=\"960\" height=\"960\" src=\"https:\/\/radiostudiow.com.br\/site\/wp-content\/uploads\/2024\/10\/463312623_944477781036506_3024007210621004851_n.jpg\" alt=\"\" class=\"wp-image-29188\" style=\"width:740px;height:auto\" srcset=\"https:\/\/radiostudiow.com.br\/site\/wp-content\/uploads\/2024\/10\/463312623_944477781036506_3024007210621004851_n.jpg 960w, https:\/\/radiostudiow.com.br\/site\/wp-content\/uploads\/2024\/10\/463312623_944477781036506_3024007210621004851_n-300x300.jpg 300w, https:\/\/radiostudiow.com.br\/site\/wp-content\/uploads\/2024\/10\/463312623_944477781036506_3024007210621004851_n-768x768.jpg 768w, https:\/\/radiostudiow.com.br\/site\/wp-content\/uploads\/2024\/10\/463312623_944477781036506_3024007210621004851_n-80x80.jpg 80w\" sizes=\"auto, (max-width: 960px) 100vw, 960px\" \/><figcaption class=\"wp-element-caption\"><em>Tiago Redkva, de 22 anos, que n\u00e3o resistiu aos ferimentos. Foto: Rede social<\/em><\/figcaption><\/figure>\n\n\n\n<figure class=\"wp-block-image size-full\"><img loading=\"lazy\" decoding=\"async\" width=\"900\" height=\"408\" src=\"https:\/\/radiostudiow.com.br\/site\/wp-content\/uploads\/2024\/09\/image-64-1.png\" alt=\"\" class=\"wp-image-28207\" srcset=\"https:\/\/radiostudiow.com.br\/site\/wp-content\/uploads\/2024\/09\/image-64-1.png 900w, https:\/\/radiostudiow.com.br\/site\/wp-content\/uploads\/2024\/09\/image-64-1-300x136.png 300w, https:\/\/radiostudiow.com.br\/site\/wp-content\/uploads\/2024\/09\/image-64-1-768x348.png 768w\" sizes=\"auto, (max-width: 900px) 100vw, 900px\" \/><\/figure>\n\n\n\n<figure class=\"wp-block-embed is-type-wp-embed is-provider-studio-w wp-block-embed-studio-w\"><div class=\"wp-block-embed__wrapper\">\n<blockquote class=\"wp-embedded-content\" data-secret=\"sF5hT6DpZK\"><a href=\"https:\/\/radiostudiow.com.br\/site\/2024\/10\/21\/grave-acidente-entre-dois-automoveis-na-br-153-em-paulo-frontin-deixa-uma-pessoa-gravemente-ferida\/\">Grave acidente entre dois autom\u00f3veis na BR-153, em Paulo Frontin, deixa uma pessoa gravemente ferida<\/a><\/blockquote><iframe loading=\"lazy\" class=\"wp-embedded-content\" sandbox=\"allow-scripts\" security=\"restricted\" style=\"position: absolute; visibility: hidden;\" title=\"&#8220;Grave acidente entre dois autom\u00f3veis na BR-153, em Paulo Frontin, deixa uma pessoa gravemente ferida&#8221; &#8212; Studio W\" src=\"https:\/\/radiostudiow.com.br\/site\/2024\/10\/21\/grave-acidente-entre-dois-automoveis-na-br-153-em-paulo-frontin-deixa-uma-pessoa-gravemente-ferida\/embed\/#?secret=k2S5AFcXhC#?secret=sF5hT6DpZK\" data-secret=\"sF5hT6DpZK\" width=\"600\" height=\"338\" frameborder=\"0\" marginwidth=\"0\" marginheight=\"0\" scrolling=\"no\"><\/iframe>\n<\/div><\/figure>\n\n\n\n<p><\/p>\n","protected":false},"excerpt":{"rendered":"<p>Um grave acidente entre dois ve\u00edculos Volkswagen Gol, ambos com placas do Mercosul e registrados em Paulo Frontin, ocorreu na noite de domingo (20), por volta das 21h35, na BR-153, nas proximidades do Hotel Castelinho. A equipe da Studio W TV esteve no local e apurou que uma das v\u00edtimas foi socorrida inicialmente pelos Brigadistas [&hellip;]<\/p>\n","protected":false},"author":2,"featured_media":29190,"comment_status":"open","ping_status":"open","sticky":false,"template":"","format":"standard","meta":{"footnotes":""},"categories":[185],"tags":[172],"class_list":["post-29186","post","type-post","status-publish","format-standard","has-post-thumbnail","hentry","category-regional","tag-featured"],"amp_enabled":true,"_links":{"self":[{"href":"https:\/\/radiostudiow.com.br\/site\/wp-json\/wp\/v2\/posts\/29186","targetHints":{"allow":["GET"]}}],"collection":[{"href":"https:\/\/radiostudiow.com.br\/site\/wp-json\/wp\/v2\/posts"}],"about":[{"href":"https:\/\/radiostudiow.com.br\/site\/wp-json\/wp\/v2\/types\/post"}],"author":[{"embeddable":true,"href":"https:\/\/radiostudiow.com.br\/site\/wp-json\/wp\/v2\/users\/2"}],"replies":[{"embeddable":true,"href":"https:\/\/radiostudiow.com.br\/site\/wp-json\/wp\/v2\/comments?post=29186"}],"version-history":[{"count":1,"href":"https:\/\/radiostudiow.com.br\/site\/wp-json\/wp\/v2\/posts\/29186\/revisions"}],"predecessor-version":[{"id":29189,"href":"https:\/\/radiostudiow.com.br\/site\/wp-json\/wp\/v2\/posts\/29186\/revisions\/29189"}],"wp:featuredmedia":[{"embeddable":true,"href":"https:\/\/radiostudiow.com.br\/site\/wp-json\/wp\/v2\/media\/29190"}],"wp:attachment":[{"href":"https:\/\/radiostudiow.com.br\/site\/wp-json\/wp\/v2\/media?parent=29186"}],"wp:term":[{"taxonomy":"category","embeddable":true,"href":"https:\/\/radiostudiow.com.br\/site\/wp-json\/wp\/v2\/categories?post=29186"},{"taxonomy":"post_tag","embeddable":true,"href":"https:\/\/radiostudiow.com.br\/site\/wp-json\/wp\/v2\/tags?post=29186"}],"curies":[{"name":"wp","href":"https:\/\/api.w.org\/{rel}","templated":true}]}}