{"id":29192,"date":"2024-10-23T11:21:52","date_gmt":"2024-10-23T14:21:52","guid":{"rendered":"https:\/\/radiostudiow.com.br\/site\/?p=29192"},"modified":"2025-01-31T14:58:19","modified_gmt":"2025-01-31T17:58:19","slug":"saude-confirma-primeiro-obito-por-dengue-no-parana-neste-periodo-epidemiologico","status":"publish","type":"post","link":"https:\/\/radiostudiow.com.br\/site\/2024\/10\/23\/saude-confirma-primeiro-obito-por-dengue-no-parana-neste-periodo-epidemiologico\/","title":{"rendered":"Sa\u00fade confirma primeiro \u00f3bito por dengue no Paran\u00e1 neste per\u00edodo epidemiol\u00f3gico"},"content":{"rendered":"\n<p>A Secretaria de Estado da Sa\u00fade (Sesa), por meio da Coordenadoria Estadual de Vigil\u00e2ncia Ambiental, publicou nesta ter\u00e7a-feira (22), o novo informe semanal da dengue. Foram registrados 238 novos casos da doen\u00e7a e um \u00f3bito na \u00faltima semana. Somados os dados do novo per\u00edodo epidemiol\u00f3gico, iniciado em 28 de julho de 2024, o Paran\u00e1 registra 24.297 notifica\u00e7\u00f5es, 2.937 casos confirmados e agora uma morte em decorr\u00eancia da dengue.<\/p>\n\n\n\n<div class=\"wp-block-media-text is-stacked-on-mobile\"><figure class=\"wp-block-media-text__media\"><img decoding=\"async\" src=\"https:\/\/radiostudiow.com.br\/site\/wp-content\/uploads\/2024\/05\/LABIRATI-1024x1024.png\" alt=\"\" class=\"wp-image-22265 size-full\"\/><\/figure><div class=\"wp-block-media-text__content\">\n<p>A Labirati cuida da sua sa\u00fade!<\/p>\n\n\n\n<p>\ud83d\udccdRua Major Estev\u00e3o &#8211; 208 &#8211; Centro &#8211; Mallet &#8211; PR &#8211; em frente a antiga prefeitura<\/p>\n\n\n\n<p>\u260e\ufe0f 42 99866-8578 | 42 3542-1001<\/p>\n<\/div><\/div>\n\n\n\n<p>O \u00f3bito registrado \u00e9 de uma menor de 15 anos, do sexo feminino, sem comorbidades pr\u00e9vias, residente no munic\u00edpio de Abati\u00e1, na 18\u00aa Regional de Sa\u00fade de Corn\u00e9lio Proc\u00f3pio.<\/p>\n\n\n\n<p>No total, 350 munic\u00edpios j\u00e1 apresentaram notifica\u00e7\u00f5es da doen\u00e7a, que \u00e9 transmitida pelo mosquito&nbsp;Aedes aegypti, e 222 possuem casos confirmados.<\/p>\n\n\n\n<p>OUTRAS ARBOVIROSES \u2013&nbsp;Informa\u00e7\u00f5es sobre Chikungunya e Zika, doen\u00e7as tamb\u00e9m transmitidas pelo mosquito&nbsp;Aedes aegypti, constam nesse mesmo documento. Neste per\u00edodo foram confirmados 10 casos de Chikungunya, sendo registradas 187 notifica\u00e7\u00f5es da doen\u00e7a no Estado. Com rela\u00e7\u00e3o \u00e0 Zika V\u00edrus, at\u00e9 o momento ocorreram nove&nbsp;notifica\u00e7\u00f5es.&nbsp;<\/p>\n\n\n\n<p>Confira o Boletim Semanal completo&nbsp;<strong><a href=\"https:\/\/www.aen.pr.gov.br\/sites\/default\/arquivos_restritos\/files\/documento\/2024-10\/atualizado_informe_epidemiologico_se_42_22_10_24.pdf\" target=\"_blank\" rel=\"noreferrer noopener\">AQUI<\/a><\/strong>&nbsp;.&nbsp;Mais informa\u00e7\u00f5es sobre a dengue est\u00e3o neste<strong><a href=\"https:\/\/www.dengue.pr.gov.br\/Pagina\/Boletins-da-Dengue\" target=\"_blank\" rel=\"noreferrer noopener\">&nbsp;LINK.<\/a><\/strong>&nbsp;<\/p>\n\n\n\n<figure class=\"wp-block-image size-full\"><img loading=\"lazy\" decoding=\"async\" width=\"800\" height=\"720\" src=\"https:\/\/radiostudiow.com.br\/site\/wp-content\/uploads\/2024\/10\/05-3.jpg\" alt=\"\" class=\"wp-image-29193\" srcset=\"https:\/\/radiostudiow.com.br\/site\/wp-content\/uploads\/2024\/10\/05-3.jpg 800w, https:\/\/radiostudiow.com.br\/site\/wp-content\/uploads\/2024\/10\/05-3-300x270.jpg 300w, https:\/\/radiostudiow.com.br\/site\/wp-content\/uploads\/2024\/10\/05-3-768x691.jpg 768w\" sizes=\"auto, (max-width: 800px) 100vw, 800px\" \/><\/figure>\n","protected":false},"excerpt":{"rendered":"<p>A Secretaria de Estado da Sa\u00fade (Sesa), por meio da Coordenadoria Estadual de Vigil\u00e2ncia Ambiental, publicou nesta ter\u00e7a-feira (22), o novo informe semanal da dengue. Foram registrados 238 novos casos da doen\u00e7a e um \u00f3bito na \u00faltima semana. Somados os dados do novo per\u00edodo epidemiol\u00f3gico, iniciado em 28 de julho de 2024, o Paran\u00e1 registra [&hellip;]<\/p>\n","protected":false},"author":2,"featured_media":20479,"comment_status":"open","ping_status":"open","sticky":false,"template":"","format":"standard","meta":{"footnotes":""},"categories":[182],"tags":[172],"class_list":["post-29192","post","type-post","status-publish","format-standard","has-post-thumbnail","hentry","category-saude","tag-featured"],"amp_enabled":true,"_links":{"self":[{"href":"https:\/\/radiostudiow.com.br\/site\/wp-json\/wp\/v2\/posts\/29192","targetHints":{"allow":["GET"]}}],"collection":[{"href":"https:\/\/radiostudiow.com.br\/site\/wp-json\/wp\/v2\/posts"}],"about":[{"href":"https:\/\/radiostudiow.com.br\/site\/wp-json\/wp\/v2\/types\/post"}],"author":[{"embeddable":true,"href":"https:\/\/radiostudiow.com.br\/site\/wp-json\/wp\/v2\/users\/2"}],"replies":[{"embeddable":true,"href":"https:\/\/radiostudiow.com.br\/site\/wp-json\/wp\/v2\/comments?post=29192"}],"version-history":[{"count":1,"href":"https:\/\/radiostudiow.com.br\/site\/wp-json\/wp\/v2\/posts\/29192\/revisions"}],"predecessor-version":[{"id":29194,"href":"https:\/\/radiostudiow.com.br\/site\/wp-json\/wp\/v2\/posts\/29192\/revisions\/29194"}],"wp:featuredmedia":[{"embeddable":true,"href":"https:\/\/radiostudiow.com.br\/site\/wp-json\/wp\/v2\/media\/20479"}],"wp:attachment":[{"href":"https:\/\/radiostudiow.com.br\/site\/wp-json\/wp\/v2\/media?parent=29192"}],"wp:term":[{"taxonomy":"category","embeddable":true,"href":"https:\/\/radiostudiow.com.br\/site\/wp-json\/wp\/v2\/categories?post=29192"},{"taxonomy":"post_tag","embeddable":true,"href":"https:\/\/radiostudiow.com.br\/site\/wp-json\/wp\/v2\/tags?post=29192"}],"curies":[{"name":"wp","href":"https:\/\/api.w.org\/{rel}","templated":true}]}}