{"id":29197,"date":"2024-10-23T11:31:37","date_gmt":"2024-10-23T14:31:37","guid":{"rendered":"https:\/\/radiostudiow.com.br\/site\/?p=29197"},"modified":"2025-01-31T14:58:19","modified_gmt":"2025-01-31T17:58:19","slug":"morador-de-porto-vitoria-procura-policia-apos-furto-em-sua-residencia","status":"publish","type":"post","link":"https:\/\/radiostudiow.com.br\/site\/2024\/10\/23\/morador-de-porto-vitoria-procura-policia-apos-furto-em-sua-residencia\/","title":{"rendered":"Morador de Porto Vit\u00f3ria procura pol\u00edcia ap\u00f3s furto em sua resid\u00eancia"},"content":{"rendered":"\n<p>Um senhor compareceu ao Destacamento da Pol\u00edcia Militar de Porto Vit\u00f3ria relatando uma situa\u00e7\u00e3o de furto por volta das 13:20 horas dessa segunda-feira (21).<\/p>\n\n\n\n<figure class=\"wp-block-image size-full\"><img loading=\"lazy\" decoding=\"async\" width=\"300\" height=\"180\" src=\"https:\/\/radiostudiow.com.br\/site\/wp-content\/uploads\/2024\/04\/SITE-PEQUENO-1.png\" alt=\"\" class=\"wp-image-21868\"\/><\/figure>\n\n\n\n<p>De acordo com o solicitante, ao chegar em sua resid\u00eancia para o almo\u00e7o, percebeu que a porta principal estava aberta e, ao verificar, constatou que foi subtra\u00eddo um aparelho de tv e um carregador de celular.<\/p>\n\n\n\n<p>A v\u00edtima n\u00e3o soube identificar algum suspeito do furto. Diante da situa\u00e7\u00e3o a equipe policial orientou o solicitante quanto aos procedimentos cab\u00edveis.<\/p>\n","protected":false},"excerpt":{"rendered":"<p>Um senhor compareceu ao Destacamento da Pol\u00edcia Militar de Porto Vit\u00f3ria relatando uma situa\u00e7\u00e3o de furto por volta das 13:20 horas dessa segunda-feira (21). De acordo com o solicitante, ao chegar em sua resid\u00eancia para o almo\u00e7o, percebeu que a porta principal estava aberta e, ao verificar, constatou que foi subtra\u00eddo um aparelho de tv [&hellip;]<\/p>\n","protected":false},"author":2,"featured_media":22163,"comment_status":"open","ping_status":"open","sticky":false,"template":"","format":"standard","meta":{"footnotes":""},"categories":[2],"tags":[172],"class_list":["post-29197","post","type-post","status-publish","format-standard","has-post-thumbnail","hentry","category-policial","tag-featured"],"amp_enabled":true,"_links":{"self":[{"href":"https:\/\/radiostudiow.com.br\/site\/wp-json\/wp\/v2\/posts\/29197","targetHints":{"allow":["GET"]}}],"collection":[{"href":"https:\/\/radiostudiow.com.br\/site\/wp-json\/wp\/v2\/posts"}],"about":[{"href":"https:\/\/radiostudiow.com.br\/site\/wp-json\/wp\/v2\/types\/post"}],"author":[{"embeddable":true,"href":"https:\/\/radiostudiow.com.br\/site\/wp-json\/wp\/v2\/users\/2"}],"replies":[{"embeddable":true,"href":"https:\/\/radiostudiow.com.br\/site\/wp-json\/wp\/v2\/comments?post=29197"}],"version-history":[{"count":1,"href":"https:\/\/radiostudiow.com.br\/site\/wp-json\/wp\/v2\/posts\/29197\/revisions"}],"predecessor-version":[{"id":29200,"href":"https:\/\/radiostudiow.com.br\/site\/wp-json\/wp\/v2\/posts\/29197\/revisions\/29200"}],"wp:featuredmedia":[{"embeddable":true,"href":"https:\/\/radiostudiow.com.br\/site\/wp-json\/wp\/v2\/media\/22163"}],"wp:attachment":[{"href":"https:\/\/radiostudiow.com.br\/site\/wp-json\/wp\/v2\/media?parent=29197"}],"wp:term":[{"taxonomy":"category","embeddable":true,"href":"https:\/\/radiostudiow.com.br\/site\/wp-json\/wp\/v2\/categories?post=29197"},{"taxonomy":"post_tag","embeddable":true,"href":"https:\/\/radiostudiow.com.br\/site\/wp-json\/wp\/v2\/tags?post=29197"}],"curies":[{"name":"wp","href":"https:\/\/api.w.org\/{rel}","templated":true}]}}