{"id":29246,"date":"2024-10-23T21:30:53","date_gmt":"2024-10-24T00:30:53","guid":{"rendered":"https:\/\/radiostudiow.com.br\/site\/?p=29246"},"modified":"2025-01-31T14:58:19","modified_gmt":"2025-01-31T17:58:19","slug":"incendio-em-kombi-mobiliza-corpo-de-bombeiros-em-porto-uniao","status":"publish","type":"post","link":"https:\/\/radiostudiow.com.br\/site\/2024\/10\/23\/incendio-em-kombi-mobiliza-corpo-de-bombeiros-em-porto-uniao\/","title":{"rendered":"Inc\u00eandio em Kombi mobiliza Corpo de Bombeiros em Porto Uni\u00e3o"},"content":{"rendered":"\n<p>Uma Kombi com placas de Guarapuava pegou fogo na rua Lauro M\u00fcller, no bairro Cidade Nova, em Porto Uni\u00e3o por volta de 11:30 horas desta quarta-feira (23).<\/p>\n\n\n\n<figure class=\"wp-block-image size-large\"><img decoding=\"async\" src=\"https:\/\/radiostudiow.com.br\/site\/wp-content\/uploads\/2024\/10\/zm_0002_24AG_anuncio_261x83mm-1024x359.png\" alt=\"\" class=\"wp-image-28224\"\/><\/figure>\n\n\n\n<p>De acordo com o relato do condutor, ele havia acabado de sair de uma oficina mec\u00e2nica quando, aparentemente, um vazamento de combust\u00edvel teria provocado o inc\u00eandio.<\/p>\n\n\n\n<p>O motorista conseguiu sair do ve\u00edculo sem ferimentos, mas as chamas rapidamente se alastraram, consumindo grande parte da Kombi. O Corpo de Bombeiros foi acionado para controlar o fogo e evitar maiores danos.<\/p>\n\n\n\n<figure class=\"wp-block-gallery has-nested-images columns-default is-cropped wp-block-gallery-1 is-layout-flex wp-block-gallery-is-layout-flex\">\n<figure class=\"wp-block-image size-large\"><img loading=\"lazy\" decoding=\"async\" width=\"650\" height=\"600\" data-id=\"29248\" src=\"https:\/\/radiostudiow.com.br\/site\/wp-content\/uploads\/2024\/10\/04-1.jpeg\" alt=\"\" class=\"wp-image-29248\" srcset=\"https:\/\/radiostudiow.com.br\/site\/wp-content\/uploads\/2024\/10\/04-1.jpeg 650w, https:\/\/radiostudiow.com.br\/site\/wp-content\/uploads\/2024\/10\/04-1-300x277.jpeg 300w\" sizes=\"auto, (max-width: 650px) 100vw, 650px\" \/><\/figure>\n\n\n\n<figure class=\"wp-block-image size-large\"><img decoding=\"async\" data-id=\"29249\" src=\"https:\/\/radiostudiow.com.br\/site\/wp-content\/uploads\/2024\/10\/05-5.jpeg\" alt=\"\" class=\"wp-image-29249\"\/><\/figure>\n<\/figure>\n\n\n\n<figure class=\"wp-block-video\"><video controls src=\"https:\/\/radiostudiow.com.br\/site\/wp-content\/uploads\/2024\/10\/WhatsApp-Video-2024-10-23-at-14.12.02.mp4\"><\/video><\/figure>\n","protected":false},"excerpt":{"rendered":"<p>Uma Kombi com placas de Guarapuava pegou fogo na rua Lauro M\u00fcller, no bairro Cidade Nova, em Porto Uni\u00e3o por volta de 11:30 horas desta quarta-feira (23). De acordo com o relato do condutor, ele havia acabado de sair de uma oficina mec\u00e2nica quando, aparentemente, um vazamento de combust\u00edvel teria provocado o inc\u00eandio. O motorista [&hellip;]<\/p>\n","protected":false},"author":2,"featured_media":29251,"comment_status":"open","ping_status":"open","sticky":false,"template":"","format":"standard","meta":{"footnotes":""},"categories":[185],"tags":[172],"class_list":["post-29246","post","type-post","status-publish","format-standard","has-post-thumbnail","hentry","category-regional","tag-featured"],"amp_enabled":true,"_links":{"self":[{"href":"https:\/\/radiostudiow.com.br\/site\/wp-json\/wp\/v2\/posts\/29246","targetHints":{"allow":["GET"]}}],"collection":[{"href":"https:\/\/radiostudiow.com.br\/site\/wp-json\/wp\/v2\/posts"}],"about":[{"href":"https:\/\/radiostudiow.com.br\/site\/wp-json\/wp\/v2\/types\/post"}],"author":[{"embeddable":true,"href":"https:\/\/radiostudiow.com.br\/site\/wp-json\/wp\/v2\/users\/2"}],"replies":[{"embeddable":true,"href":"https:\/\/radiostudiow.com.br\/site\/wp-json\/wp\/v2\/comments?post=29246"}],"version-history":[{"count":1,"href":"https:\/\/radiostudiow.com.br\/site\/wp-json\/wp\/v2\/posts\/29246\/revisions"}],"predecessor-version":[{"id":29252,"href":"https:\/\/radiostudiow.com.br\/site\/wp-json\/wp\/v2\/posts\/29246\/revisions\/29252"}],"wp:featuredmedia":[{"embeddable":true,"href":"https:\/\/radiostudiow.com.br\/site\/wp-json\/wp\/v2\/media\/29251"}],"wp:attachment":[{"href":"https:\/\/radiostudiow.com.br\/site\/wp-json\/wp\/v2\/media?parent=29246"}],"wp:term":[{"taxonomy":"category","embeddable":true,"href":"https:\/\/radiostudiow.com.br\/site\/wp-json\/wp\/v2\/categories?post=29246"},{"taxonomy":"post_tag","embeddable":true,"href":"https:\/\/radiostudiow.com.br\/site\/wp-json\/wp\/v2\/tags?post=29246"}],"curies":[{"name":"wp","href":"https:\/\/api.w.org\/{rel}","templated":true}]}}