{"id":29253,"date":"2024-10-23T21:32:24","date_gmt":"2024-10-24T00:32:24","guid":{"rendered":"https:\/\/radiostudiow.com.br\/site\/?p=29253"},"modified":"2025-01-31T14:58:19","modified_gmt":"2025-01-31T17:58:19","slug":"gestao-promove-audiencia-publica-para-revisao-do-plano-diretor-de-mallet","status":"publish","type":"post","link":"https:\/\/radiostudiow.com.br\/site\/2024\/10\/23\/gestao-promove-audiencia-publica-para-revisao-do-plano-diretor-de-mallet\/","title":{"rendered":"Gest\u00e3o promove Audi\u00eancia P\u00fablica para Revis\u00e3o do Plano Diretor de Mallet"},"content":{"rendered":"\n<p>A gest\u00e3o municipal convida todos os cidad\u00e3os a participar da audi\u00eancia p\u00fablica que ocorrer\u00e1 no dia 24 de outubro de 2024, \u00e0s 18h30, no Plen\u00e1rio da C\u00e2mara de Vereadores. Este \u00e9 um momento crucial para discutir as minutas das leis que comp\u00f5em o Novo Plano Diretor Municipal.<\/p>\n\n\n\n<p>O documento que apresentamos ao final desta mat\u00e9ria \u00e9 a b\u00fassola que guiar\u00e1 o futuro da nossa cidade. O atual Plano Diretor, datado de 2013, est\u00e1 desatualizado e possui limita\u00e7\u00f5es que dificultam o crescimento pleno do nosso munic\u00edpio. Desde ent\u00e3o, muita coisa mudou: a pandemia alterou nossas realidades e percebemos o desenvolvimento em todos os aspectos.<\/p>\n\n\n\n<p>Os materiais dispon\u00edveis para an\u00e1lise foram elaborados por uma equipe dedicada, resultando em um extenso documento de mais de mil p\u00e1ginas. Este trabalho reflete um engajamento significativo de t\u00e9cnicos e da comunidade, que participaram de audi\u00eancias p\u00fablicas, oficinas e consultas diretas. O texto foi aprimorado pelo Conselho Municipal de Desenvolvimento Urbano (CMDU), garantindo uma proposta robusta e representativa.<\/p>\n\n\n\n<p>Tudo apoiado por uma ampla divulga\u00e7\u00e3o e publica\u00e7\u00e3o de material em relat\u00f3rios, transmiss\u00f5es ao vivo e imprensa, al\u00e9m de an\u00e1lises, oficinas e apoio da reda\u00e7\u00e3o da minuta. Dispon\u00edvel neste link<strong>\u00a0<a href=\"https:\/\/mallet.pr.gov.br\/noticiasView\/151_Diagnostico-da-Revisao-do-Plano-Diretor-Municipal.html\">https:\/\/mallet.pr.gov.br\/noticiasView\/151_Diagnostico-da-Revisao-do-Plano-Diretor-Municipal.html<\/a><\/strong><\/p>\n\n\n\n<figure class=\"wp-block-image size-full\"><img loading=\"lazy\" decoding=\"async\" width=\"900\" height=\"408\" src=\"https:\/\/radiostudiow.com.br\/site\/wp-content\/uploads\/2024\/09\/image-64-1.png\" alt=\"\" class=\"wp-image-28207\" srcset=\"https:\/\/radiostudiow.com.br\/site\/wp-content\/uploads\/2024\/09\/image-64-1.png 900w, https:\/\/radiostudiow.com.br\/site\/wp-content\/uploads\/2024\/09\/image-64-1-300x136.png 300w, https:\/\/radiostudiow.com.br\/site\/wp-content\/uploads\/2024\/09\/image-64-1-768x348.png 768w\" sizes=\"auto, (max-width: 900px) 100vw, 900px\" \/><\/figure>\n\n\n\n<p>Entre as principais propostas para essa primeira fase do novo Plano Diretor, destacam-se mudan\u00e7as na implanta\u00e7\u00e3o de loteamentos e condom\u00ednios, revis\u00f5es no zoneamento e defini\u00e7\u00f5es sobre a altura m\u00ednima para constru\u00e7\u00f5es. O objetivo \u00e9 eliminar incertezas e inseguran\u00e7as jur\u00eddicas, proporcionando regras mais claras que promovam um crescimento harmonioso em nosso munic\u00edpio e distritos.<\/p>\n\n\n\n<p>Sua participa\u00e7\u00e3o \u00e9 fundamental! N\u00e3o deixe de baixar os documentos, analis\u00e1-los e enviar suas contribui\u00e7\u00f5es para o e-mail&nbsp;<strong>seplammallet@gmail.com.br<\/strong>, pelos telefones dispon\u00edveis ao final desta p\u00e1gina, ou via WhatsApp pelo n\u00famero&nbsp;<strong>(42) 99828-1082<\/strong>.<\/p>\n\n\n\n<p>Estamos reunindo todos os atores que conhecem a realidade da cidade e que t\u00eam compromisso com solu\u00e7\u00f5es vi\u00e1veis. Este \u00e9 um assunto que diz respeito a todos n\u00f3s; estamos falando do nossa \u201ccasa\u201d e do legado que deixaremos para as futuras gera\u00e7\u00f5es.<\/p>\n\n\n\n<p>O Plano Diretor de Mallet precisa estar alinhado com as demandas contempor\u00e2neas e as necessidades da nossa popula\u00e7\u00e3o. Juntos, podemos dar um passo firme em dire\u00e7\u00e3o \u00e0 cidade que desejamos.<\/p>\n\n\n\n<p><strong><em>Com informa\u00e7\u00f5es da Secretaria de Planejamento de Mallet<\/em><\/strong>.<\/p>\n","protected":false},"excerpt":{"rendered":"<p>A gest\u00e3o municipal convida todos os cidad\u00e3os a participar da audi\u00eancia p\u00fablica que ocorrer\u00e1 no dia 24 de outubro de 2024, \u00e0s 18h30, no Plen\u00e1rio da C\u00e2mara de Vereadores. Este \u00e9 um momento crucial para discutir as minutas das leis que comp\u00f5em o Novo Plano Diretor Municipal. O documento que apresentamos ao final desta mat\u00e9ria [&hellip;]<\/p>\n","protected":false},"author":2,"featured_media":29254,"comment_status":"open","ping_status":"open","sticky":false,"template":"","format":"standard","meta":{"footnotes":""},"categories":[184],"tags":[172],"class_list":["post-29253","post","type-post","status-publish","format-standard","has-post-thumbnail","hentry","category-local","tag-featured"],"amp_enabled":true,"_links":{"self":[{"href":"https:\/\/radiostudiow.com.br\/site\/wp-json\/wp\/v2\/posts\/29253","targetHints":{"allow":["GET"]}}],"collection":[{"href":"https:\/\/radiostudiow.com.br\/site\/wp-json\/wp\/v2\/posts"}],"about":[{"href":"https:\/\/radiostudiow.com.br\/site\/wp-json\/wp\/v2\/types\/post"}],"author":[{"embeddable":true,"href":"https:\/\/radiostudiow.com.br\/site\/wp-json\/wp\/v2\/users\/2"}],"replies":[{"embeddable":true,"href":"https:\/\/radiostudiow.com.br\/site\/wp-json\/wp\/v2\/comments?post=29253"}],"version-history":[{"count":1,"href":"https:\/\/radiostudiow.com.br\/site\/wp-json\/wp\/v2\/posts\/29253\/revisions"}],"predecessor-version":[{"id":29255,"href":"https:\/\/radiostudiow.com.br\/site\/wp-json\/wp\/v2\/posts\/29253\/revisions\/29255"}],"wp:featuredmedia":[{"embeddable":true,"href":"https:\/\/radiostudiow.com.br\/site\/wp-json\/wp\/v2\/media\/29254"}],"wp:attachment":[{"href":"https:\/\/radiostudiow.com.br\/site\/wp-json\/wp\/v2\/media?parent=29253"}],"wp:term":[{"taxonomy":"category","embeddable":true,"href":"https:\/\/radiostudiow.com.br\/site\/wp-json\/wp\/v2\/categories?post=29253"},{"taxonomy":"post_tag","embeddable":true,"href":"https:\/\/radiostudiow.com.br\/site\/wp-json\/wp\/v2\/tags?post=29253"}],"curies":[{"name":"wp","href":"https:\/\/api.w.org\/{rel}","templated":true}]}}