{"id":29258,"date":"2024-10-23T21:54:28","date_gmt":"2024-10-24T00:54:28","guid":{"rendered":"https:\/\/radiostudiow.com.br\/site\/?p=29258"},"modified":"2025-01-31T14:58:19","modified_gmt":"2025-01-31T17:58:19","slug":"mulher-aciona-policia-apos-ser-agredida-pelo-convivente-em-paula-freitasv","status":"publish","type":"post","link":"https:\/\/radiostudiow.com.br\/site\/2024\/10\/23\/mulher-aciona-policia-apos-ser-agredida-pelo-convivente-em-paula-freitasv\/","title":{"rendered":"Mulher aciona pol\u00edcia ap\u00f3s ser agredida pelo convivente em Paula Freitas"},"content":{"rendered":"\n<p>A equipe da Pol\u00edcia Militar de Paula Freitas foi acionada para verificar ocorr\u00eancia de les\u00e3o corporal &#8211; viol\u00eancia dom\u00e9stica por volta das 08:30 horas dessa ter\u00e7a-feira (22).<\/p>\n\n\n\n<figure class=\"wp-block-image size-full\"><img decoding=\"async\" src=\"https:\/\/radiostudiow.com.br\/site\/wp-content\/uploads\/2024\/04\/image-58.png\" alt=\"\" class=\"wp-image-21416\"\/><\/figure>\n\n\n\n<p>No local a v\u00edtima relatou que seu convivente chegou embriagado em casa, come\u00e7ou a discutir e agredi-la. A equipe realizou buscas na \u00e1rea pelo autor, sendo localizado na resid\u00eancia de sua m\u00e3e.<\/p>\n\n\n\n<p>Foi dada voz de pris\u00e3o em flagrante pelo crime de viol\u00eancia dom\u00e9stica, sendo conduzidos autor e v\u00edtima at\u00e9 a 4\u00b0 SDP para aprecia\u00e7\u00e3o de Pol\u00edcia Judici\u00e1ria.<\/p>\n","protected":false},"excerpt":{"rendered":"<p>A equipe da Pol\u00edcia Militar de Paula Freitas foi acionada para verificar ocorr\u00eancia de les\u00e3o corporal &#8211; viol\u00eancia dom\u00e9stica por volta das 08:30 horas dessa ter\u00e7a-feira (22). No local a v\u00edtima relatou que seu convivente chegou embriagado em casa, come\u00e7ou a discutir e agredi-la. A equipe realizou buscas na \u00e1rea pelo autor, sendo localizado na [&hellip;]<\/p>\n","protected":false},"author":2,"featured_media":19871,"comment_status":"open","ping_status":"open","sticky":false,"template":"","format":"standard","meta":{"footnotes":""},"categories":[2],"tags":[172],"class_list":["post-29258","post","type-post","status-publish","format-standard","has-post-thumbnail","hentry","category-policial","tag-featured"],"amp_enabled":true,"_links":{"self":[{"href":"https:\/\/radiostudiow.com.br\/site\/wp-json\/wp\/v2\/posts\/29258","targetHints":{"allow":["GET"]}}],"collection":[{"href":"https:\/\/radiostudiow.com.br\/site\/wp-json\/wp\/v2\/posts"}],"about":[{"href":"https:\/\/radiostudiow.com.br\/site\/wp-json\/wp\/v2\/types\/post"}],"author":[{"embeddable":true,"href":"https:\/\/radiostudiow.com.br\/site\/wp-json\/wp\/v2\/users\/2"}],"replies":[{"embeddable":true,"href":"https:\/\/radiostudiow.com.br\/site\/wp-json\/wp\/v2\/comments?post=29258"}],"version-history":[{"count":2,"href":"https:\/\/radiostudiow.com.br\/site\/wp-json\/wp\/v2\/posts\/29258\/revisions"}],"predecessor-version":[{"id":29260,"href":"https:\/\/radiostudiow.com.br\/site\/wp-json\/wp\/v2\/posts\/29258\/revisions\/29260"}],"wp:featuredmedia":[{"embeddable":true,"href":"https:\/\/radiostudiow.com.br\/site\/wp-json\/wp\/v2\/media\/19871"}],"wp:attachment":[{"href":"https:\/\/radiostudiow.com.br\/site\/wp-json\/wp\/v2\/media?parent=29258"}],"wp:term":[{"taxonomy":"category","embeddable":true,"href":"https:\/\/radiostudiow.com.br\/site\/wp-json\/wp\/v2\/categories?post=29258"},{"taxonomy":"post_tag","embeddable":true,"href":"https:\/\/radiostudiow.com.br\/site\/wp-json\/wp\/v2\/tags?post=29258"}],"curies":[{"name":"wp","href":"https:\/\/api.w.org\/{rel}","templated":true}]}}