{"id":29271,"date":"2024-10-24T10:04:22","date_gmt":"2024-10-24T13:04:22","guid":{"rendered":"https:\/\/radiostudiow.com.br\/site\/?p=29271"},"modified":"2025-01-31T14:58:18","modified_gmt":"2025-01-31T17:58:18","slug":"policia-militar-recupera-bicicleta-furtada-em-sao-mateus-do-sul","status":"publish","type":"post","link":"https:\/\/radiostudiow.com.br\/site\/2024\/10\/24\/policia-militar-recupera-bicicleta-furtada-em-sao-mateus-do-sul\/","title":{"rendered":"Pol\u00edcia Militar recupera bicicleta furtada em S\u00e3o Mateus do Sul"},"content":{"rendered":"\n<p>A equipe da Pol\u00edcia Militar de S\u00e3o Mateus do Sul estava em patrulhamento pela rua S\u00e3o Jo\u00e3o no bairro Vila  Bom Jesus, quando realizou uma abordagem a um indiv\u00edduo o qual estava de bicicleta em atitude suspeita por volta das 20:09 horas da noite desta quarta-feira (23).<\/p>\n\n\n\n<p>Durante a revista foi verificado que a pintura tinha sido modificada. Os policiais tinham informa\u00e7\u00f5es de que uma bicicleta com as mesmas caracter\u00edsticas tinha sido furtada a alguns dias atr\u00e1s.<\/p>\n\n\n\n<figure class=\"wp-block-image size-full\"><img loading=\"lazy\" decoding=\"async\" width=\"598\" height=\"204\" src=\"https:\/\/radiostudiow.com.br\/site\/wp-content\/uploads\/2024\/04\/image-23.png\" alt=\"\" class=\"wp-image-21221\" srcset=\"https:\/\/radiostudiow.com.br\/site\/wp-content\/uploads\/2024\/04\/image-23.png 598w, https:\/\/radiostudiow.com.br\/site\/wp-content\/uploads\/2024\/04\/image-23-300x102.png 300w\" sizes=\"auto, (max-width: 598px) 100vw, 598px\" \/><\/figure>\n\n\n\n<p>Foi feito contato com a v\u00edtima que confirmou ser de sua propriedade a bike e ainda repassou alguns detalhes, inclusive de um cadeado que estava enrolado no quadro.<\/p>\n\n\n\n<p>Diante dos fatos o suspeito e a Bicicleta foram entregues na 3\u00aa SDP para serem tomadas as devidas provid\u00eancias.<\/p>\n","protected":false},"excerpt":{"rendered":"<p>A equipe da Pol\u00edcia Militar de S\u00e3o Mateus do Sul estava em patrulhamento pela rua S\u00e3o Jo\u00e3o no bairro Vila Bom Jesus, quando realizou uma abordagem a um indiv\u00edduo o qual estava de bicicleta em atitude suspeita por volta das 20:09 horas da noite desta quarta-feira (23). Durante a revista foi verificado que a pintura [&hellip;]<\/p>\n","protected":false},"author":2,"featured_media":29272,"comment_status":"open","ping_status":"open","sticky":false,"template":"","format":"standard","meta":{"footnotes":""},"categories":[2],"tags":[172],"class_list":["post-29271","post","type-post","status-publish","format-standard","has-post-thumbnail","hentry","category-policial","tag-featured"],"amp_enabled":true,"_links":{"self":[{"href":"https:\/\/radiostudiow.com.br\/site\/wp-json\/wp\/v2\/posts\/29271","targetHints":{"allow":["GET"]}}],"collection":[{"href":"https:\/\/radiostudiow.com.br\/site\/wp-json\/wp\/v2\/posts"}],"about":[{"href":"https:\/\/radiostudiow.com.br\/site\/wp-json\/wp\/v2\/types\/post"}],"author":[{"embeddable":true,"href":"https:\/\/radiostudiow.com.br\/site\/wp-json\/wp\/v2\/users\/2"}],"replies":[{"embeddable":true,"href":"https:\/\/radiostudiow.com.br\/site\/wp-json\/wp\/v2\/comments?post=29271"}],"version-history":[{"count":1,"href":"https:\/\/radiostudiow.com.br\/site\/wp-json\/wp\/v2\/posts\/29271\/revisions"}],"predecessor-version":[{"id":29273,"href":"https:\/\/radiostudiow.com.br\/site\/wp-json\/wp\/v2\/posts\/29271\/revisions\/29273"}],"wp:featuredmedia":[{"embeddable":true,"href":"https:\/\/radiostudiow.com.br\/site\/wp-json\/wp\/v2\/media\/29272"}],"wp:attachment":[{"href":"https:\/\/radiostudiow.com.br\/site\/wp-json\/wp\/v2\/media?parent=29271"}],"wp:term":[{"taxonomy":"category","embeddable":true,"href":"https:\/\/radiostudiow.com.br\/site\/wp-json\/wp\/v2\/categories?post=29271"},{"taxonomy":"post_tag","embeddable":true,"href":"https:\/\/radiostudiow.com.br\/site\/wp-json\/wp\/v2\/tags?post=29271"}],"curies":[{"name":"wp","href":"https:\/\/api.w.org\/{rel}","templated":true}]}}