{"id":29279,"date":"2024-10-24T21:12:22","date_gmt":"2024-10-25T00:12:22","guid":{"rendered":"https:\/\/radiostudiow.com.br\/site\/?p=29279"},"modified":"2025-01-31T14:58:18","modified_gmt":"2025-01-31T17:58:18","slug":"homem-que-fazia-parte-de-quadrilha-de-roubo-de-cargas-e-preso-em-antonio-olinto","status":"publish","type":"post","link":"https:\/\/radiostudiow.com.br\/site\/2024\/10\/24\/homem-que-fazia-parte-de-quadrilha-de-roubo-de-cargas-e-preso-em-antonio-olinto\/","title":{"rendered":"Homem que fazia parte de quadrilha de roubo de cargas \u00e9 preso em Ant\u00f4nio Olinto"},"content":{"rendered":"\n<p>O grupo que atacava caminh\u00f5es em movimento e fazia motoristas ref\u00e9ns foi alvo de opera\u00e7\u00e3o em SC e tamb\u00e9m no Paran\u00e1. Opera\u00e7\u00e3o prendeu seis investigados e cumpriu nove mandados de busca e apreens\u00e3o em Santa Catarina e no Paran\u00e1.<\/p>\n\n\n\n<figure class=\"wp-block-image size-large\"><img decoding=\"async\" src=\"https:\/\/radiostudiow.com.br\/site\/wp-content\/uploads\/2024\/10\/zm_0002_24AG_anuncio_261x83mm-1024x359.png\" alt=\"\" class=\"wp-image-28224\"\/><\/figure>\n\n\n\n<p>A Pol\u00edcia Civil de Garuva deflagrou nesta quarta-feira (23) a opera\u00e7\u00e3o Carga Blindada nos estados de Santa Catarina e Paran\u00e1. A investiga\u00e7\u00e3o teve como foco o combate de crimes como&nbsp;roubo de cargas, associa\u00e7\u00e3o criminosa, tr\u00e1fico de drogas e delitos relacionados.<\/p>\n\n\n\n<p>Foram cumpridos nove mandados de busca e apreens\u00e3o nas cidades de Ant\u00f4nio Olinto e Piraquara, no Paran\u00e1, e em Joinville e Garuva, no Norte de Santa Catarina, al\u00e9m da pris\u00e3o de seis investigados at\u00e9 o momento.<\/p>\n\n\n\n<figure class=\"wp-block-image size-large\"><img loading=\"lazy\" decoding=\"async\" width=\"1024\" height=\"578\" src=\"https:\/\/radiostudiow.com.br\/site\/wp-content\/uploads\/2024\/10\/04-1-1024x578.png\" alt=\"\" class=\"wp-image-29307\" srcset=\"https:\/\/radiostudiow.com.br\/site\/wp-content\/uploads\/2024\/10\/04-1-1024x578.png 1024w, https:\/\/radiostudiow.com.br\/site\/wp-content\/uploads\/2024\/10\/04-1-300x169.png 300w, https:\/\/radiostudiow.com.br\/site\/wp-content\/uploads\/2024\/10\/04-1-768x433.png 768w, https:\/\/radiostudiow.com.br\/site\/wp-content\/uploads\/2024\/10\/04-1-1536x867.png 1536w, https:\/\/radiostudiow.com.br\/site\/wp-content\/uploads\/2024\/10\/04-1.png 1862w\" sizes=\"auto, (max-width: 1024px) 100vw, 1024px\" \/><figcaption class=\"wp-element-caption\"><em>Produtos apreendidos em Joinville e Garuva, no Norte de Santa Catarina. Foto: PM<\/em><\/figcaption><\/figure>\n\n\n\n<p>Na manh\u00e3 desa quarta feira, 23 de outubro, as equipes ROTAM E RPA cumpriram um mandado de pris\u00e3o na Comunidade da Lagoa da Cruz, munic\u00edpio de Ant\u00f4nio Olinto.<\/p>\n\n\n\n<p>Segundo informa\u00e7\u00f5es, Mandado foi expedido por Santa Catarina e o homem \u00e9 acusado de roubo naquele Estado. Ao chegar na resid\u00eancia foi dado voz de pris\u00e3o e entregue na Delegacia de S\u00e3o Mateus do Sul para serem tomadas as devidas providencias cab\u00edveis.<\/p>\n\n\n\n<p>Pelo fato do Mandado ser expedido por Santa Catarina, Ele deve ser encaminhado para a Delegacia de origem. A cidade e demais informa\u00e7\u00f5es n\u00e3o foram informadas devido a continuidade das Investiga\u00e7\u00f5es.<\/p>\n\n\n\n<p><strong><em>Confira os resultados da Opera\u00e7\u00e3o realizada na Comunidade da Lagoa da Lagoa da Cruz.<\/em><\/strong><\/p>\n\n\n\n<ul class=\"wp-block-list\">\n<li>RESULTADOS:\n<ul class=\"wp-block-list\">\n<li>01 masculino preso (alvo da opera\u00e7\u00e3o),<\/li>\n\n\n\n<li>02 p\u00e9s de \u201cmaconha\u201d,<\/li>\n\n\n\n<li>12 gramas de \u201chaxixe\u201d,<\/li>\n\n\n\n<li>01 balan\u00e7a de precis\u00e3o,<\/li>\n\n\n\n<li>01 aparelho celular,<\/li>\n\n\n\n<li>R$3.974,00 em esp\u00e9cie,<\/li>\n\n\n\n<li>01 simulacro de arma de fogo.<\/li>\n<\/ul>\n<\/li>\n<\/ul>\n\n\n\n<p><\/p>\n\n\n\n<blockquote class=\"wp-block-quote is-layout-flow wp-block-quote-is-layout-flow\">\n<p class=\"has-text-align-center\">De acordo com as investiga\u00e7\u00f5es, o grupo criminoso se aproveitava de&nbsp;momentos de vulnerabilidade de profissionais&nbsp;do transporte rodovi\u00e1rio, principalmente durante per\u00edodos de descanso em postos de combust\u00edveis. Em alguns casos, os criminosos chegaram a atacar caminh\u00f5es em movimento.<\/p>\n<\/blockquote>\n\n\n\n<figure class=\"wp-block-image size-full\"><img loading=\"lazy\" decoding=\"async\" width=\"598\" height=\"204\" src=\"https:\/\/radiostudiow.com.br\/site\/wp-content\/uploads\/2024\/10\/labirati.png\" alt=\"\" class=\"wp-image-28854\" srcset=\"https:\/\/radiostudiow.com.br\/site\/wp-content\/uploads\/2024\/10\/labirati.png 598w, https:\/\/radiostudiow.com.br\/site\/wp-content\/uploads\/2024\/10\/labirati-300x102.png 300w\" sizes=\"auto, (max-width: 598px) 100vw, 598px\" \/><\/figure>\n\n\n\n<h2 class=\"wp-block-heading\"><em>Modus operandi<\/em>&nbsp;do grupo criminoso<\/h2>\n\n\n\n<p>Ap\u00f3s a abordagem, os suspeitos mantinham os caminhoneiros em cativeiro tempor\u00e1rio, utilizando bloqueadores de sinais para impedir o rastreamento dos ve\u00edculos e evitar a interven\u00e7\u00e3o policial.<\/p>\n\n\n\n<p>H\u00e1 relatos de que os criminosos quebravam os vidros dos caminh\u00f5es, imobilizavam os motoristas e cobriam seus rostos com cobertores ou toucas, antes de confin\u00e1-los no banco traseiro da cabine.<\/p>\n\n\n\n<h2 class=\"wp-block-heading\"><em>Modus operandi<\/em>&nbsp;do grupo criminoso<\/h2>\n\n\n\n<p>Ap\u00f3s a abordagem, os suspeitos mantinham os caminhoneiros em cativeiro tempor\u00e1rio, utilizando bloqueadores de sinais para impedir o rastreamento dos ve\u00edculos e evitar a interven\u00e7\u00e3o policial.<\/p>\n\n\n\n<p>H\u00e1 relatos de que os criminosos quebravam os vidros dos caminh\u00f5es, imobilizavam os motoristas e cobriam seus rostos com cobertores ou toucas, antes de confin\u00e1-los no banco traseiro da cabine.<\/p>\n\n\n\n<p><em>Fonte: Portal Clic Sul News<\/em><\/p>\n","protected":false},"excerpt":{"rendered":"<p>O grupo que atacava caminh\u00f5es em movimento e fazia motoristas ref\u00e9ns foi alvo de opera\u00e7\u00e3o em SC e tamb\u00e9m no Paran\u00e1. Opera\u00e7\u00e3o prendeu seis investigados e cumpriu nove mandados de busca e apreens\u00e3o em Santa Catarina e no Paran\u00e1. A Pol\u00edcia Civil de Garuva deflagrou nesta quarta-feira (23) a opera\u00e7\u00e3o Carga Blindada nos estados de [&hellip;]<\/p>\n","protected":false},"author":2,"featured_media":29280,"comment_status":"open","ping_status":"open","sticky":false,"template":"","format":"standard","meta":{"footnotes":""},"categories":[2],"tags":[172],"class_list":["post-29279","post","type-post","status-publish","format-standard","has-post-thumbnail","hentry","category-policial","tag-featured"],"amp_enabled":true,"_links":{"self":[{"href":"https:\/\/radiostudiow.com.br\/site\/wp-json\/wp\/v2\/posts\/29279","targetHints":{"allow":["GET"]}}],"collection":[{"href":"https:\/\/radiostudiow.com.br\/site\/wp-json\/wp\/v2\/posts"}],"about":[{"href":"https:\/\/radiostudiow.com.br\/site\/wp-json\/wp\/v2\/types\/post"}],"author":[{"embeddable":true,"href":"https:\/\/radiostudiow.com.br\/site\/wp-json\/wp\/v2\/users\/2"}],"replies":[{"embeddable":true,"href":"https:\/\/radiostudiow.com.br\/site\/wp-json\/wp\/v2\/comments?post=29279"}],"version-history":[{"count":4,"href":"https:\/\/radiostudiow.com.br\/site\/wp-json\/wp\/v2\/posts\/29279\/revisions"}],"predecessor-version":[{"id":29308,"href":"https:\/\/radiostudiow.com.br\/site\/wp-json\/wp\/v2\/posts\/29279\/revisions\/29308"}],"wp:featuredmedia":[{"embeddable":true,"href":"https:\/\/radiostudiow.com.br\/site\/wp-json\/wp\/v2\/media\/29280"}],"wp:attachment":[{"href":"https:\/\/radiostudiow.com.br\/site\/wp-json\/wp\/v2\/media?parent=29279"}],"wp:term":[{"taxonomy":"category","embeddable":true,"href":"https:\/\/radiostudiow.com.br\/site\/wp-json\/wp\/v2\/categories?post=29279"},{"taxonomy":"post_tag","embeddable":true,"href":"https:\/\/radiostudiow.com.br\/site\/wp-json\/wp\/v2\/tags?post=29279"}],"curies":[{"name":"wp","href":"https:\/\/api.w.org\/{rel}","templated":true}]}}