{"id":29283,"date":"2024-10-24T21:07:40","date_gmt":"2024-10-25T00:07:40","guid":{"rendered":"https:\/\/radiostudiow.com.br\/site\/?p=29283"},"modified":"2025-01-31T14:58:18","modified_gmt":"2025-01-31T17:58:18","slug":"suspeito-de-roubo-a-veiculo-em-uniao-da-vitoria-e-baleado-apos-acidente","status":"publish","type":"post","link":"https:\/\/radiostudiow.com.br\/site\/2024\/10\/24\/suspeito-de-roubo-a-veiculo-em-uniao-da-vitoria-e-baleado-apos-acidente\/","title":{"rendered":"Suspeito de roubo a ve\u00edculo em Uni\u00e3o da Vit\u00f3ria \u00e9 baleado ap\u00f3s acidente"},"content":{"rendered":"\n<p>Uma fam\u00edlia foi mantida ref\u00e9m durante assalto em sua propriedade na regi\u00e3o do Rio Vermelho em Uni\u00e3o da Vit\u00f3ria nesta quinta-feira (24).<\/p>\n\n\n\n<p><a><\/a>Relatos de uma vizinha \u00e9 de que uma senhora chegou machucada em sua resid\u00eancia dizendo que foram amarrados e agredidos por tr\u00eas indiv\u00edduos, um tinha bigode, outro olhos claros e um terceiro caminhava torto e eram jovens.<\/p>\n\n\n\n<figure class=\"wp-block-image size-large is-resized\"><img decoding=\"async\" src=\"https:\/\/radiostudiow.com.br\/site\/wp-content\/uploads\/2024\/10\/image-19-1024x1024.png\" alt=\"\" class=\"wp-image-28623\" style=\"width:331px;height:auto\"\/><\/figure>\n\n\n\n<p>Os autores roubaram diversos objetos e o carro da fam\u00edlia sendo uma Saveiro branca. Ap\u00f3s o fato, a informa\u00e7\u00e3o recebida \u00e9 de que o ve\u00edculo foi interceptado pela PM em Tr\u00eas Barras e na tentativa da fuga, o condutor teria ca\u00eddo em uma vala.<\/p>\n\n\n\n<p>Equipe da PM de s\u00e3o Mateus do sul recebeu informa\u00e7\u00f5es que o ve\u00edculo estaria indo sentido tr\u00eas barras. Rapidamente as equipes deslocaram no encal\u00e7o dos bandidos.<\/p>\n\n\n\n<figure class=\"wp-block-image size-full\"><img loading=\"lazy\" decoding=\"async\" width=\"900\" height=\"408\" src=\"https:\/\/radiostudiow.com.br\/site\/wp-content\/uploads\/2024\/09\/image-64-1.png\" alt=\"\" class=\"wp-image-28207\" srcset=\"https:\/\/radiostudiow.com.br\/site\/wp-content\/uploads\/2024\/09\/image-64-1.png 900w, https:\/\/radiostudiow.com.br\/site\/wp-content\/uploads\/2024\/09\/image-64-1-300x136.png 300w, https:\/\/radiostudiow.com.br\/site\/wp-content\/uploads\/2024\/09\/image-64-1-768x348.png 768w\" sizes=\"auto, (max-width: 900px) 100vw, 900px\" \/><\/figure>\n\n\n\n<p>J\u00e1 em tr\u00eas barras, as guarni\u00e7\u00f5es da PM de tr\u00eas barras e canoinhas iniciaram um acompanhamento t\u00e1tico, em determinado momento os bandidos entraram em uma rua sem sa\u00edda e um deles sacou uma arma de fogo e apontou para o policial que revidou a injusta agress\u00e3o e efetuou um disparo de fuzil em seu abd\u00f4men e foi socorrido pelo Siate<\/p>\n\n\n\n<p>Um indiv\u00edduo foi preso no local e outro indiv\u00edduo fugiu para uma \u00e1rea de mata e est\u00e1 sendo procurado pelas equipes<\/p>\n\n\n\n<figure class=\"wp-block-image size-full\"><img loading=\"lazy\" decoding=\"async\" width=\"1024\" height=\"538\" src=\"https:\/\/radiostudiow.com.br\/site\/wp-content\/uploads\/2024\/10\/05-2.png\" alt=\"\" class=\"wp-image-29300\" srcset=\"https:\/\/radiostudiow.com.br\/site\/wp-content\/uploads\/2024\/10\/05-2.png 1024w, https:\/\/radiostudiow.com.br\/site\/wp-content\/uploads\/2024\/10\/05-2-300x158.png 300w, https:\/\/radiostudiow.com.br\/site\/wp-content\/uploads\/2024\/10\/05-2-768x404.png 768w\" sizes=\"auto, (max-width: 1024px) 100vw, 1024px\" \/><\/figure>\n\n\n\n<p>Fonte: Rep\u00f3rter Tiago Amaral<\/p>\n","protected":false},"excerpt":{"rendered":"<p>Uma fam\u00edlia foi mantida ref\u00e9m durante assalto em sua propriedade na regi\u00e3o do Rio Vermelho em Uni\u00e3o da Vit\u00f3ria nesta quinta-feira (24). Relatos de uma vizinha \u00e9 de que uma senhora chegou machucada em sua resid\u00eancia dizendo que foram amarrados e agredidos por tr\u00eas indiv\u00edduos, um tinha bigode, outro olhos claros e um terceiro caminhava [&hellip;]<\/p>\n","protected":false},"author":2,"featured_media":29301,"comment_status":"open","ping_status":"open","sticky":false,"template":"","format":"standard","meta":{"footnotes":""},"categories":[2],"tags":[172],"class_list":["post-29283","post","type-post","status-publish","format-standard","has-post-thumbnail","hentry","category-policial","tag-featured"],"amp_enabled":true,"_links":{"self":[{"href":"https:\/\/radiostudiow.com.br\/site\/wp-json\/wp\/v2\/posts\/29283","targetHints":{"allow":["GET"]}}],"collection":[{"href":"https:\/\/radiostudiow.com.br\/site\/wp-json\/wp\/v2\/posts"}],"about":[{"href":"https:\/\/radiostudiow.com.br\/site\/wp-json\/wp\/v2\/types\/post"}],"author":[{"embeddable":true,"href":"https:\/\/radiostudiow.com.br\/site\/wp-json\/wp\/v2\/users\/2"}],"replies":[{"embeddable":true,"href":"https:\/\/radiostudiow.com.br\/site\/wp-json\/wp\/v2\/comments?post=29283"}],"version-history":[{"count":2,"href":"https:\/\/radiostudiow.com.br\/site\/wp-json\/wp\/v2\/posts\/29283\/revisions"}],"predecessor-version":[{"id":29302,"href":"https:\/\/radiostudiow.com.br\/site\/wp-json\/wp\/v2\/posts\/29283\/revisions\/29302"}],"wp:featuredmedia":[{"embeddable":true,"href":"https:\/\/radiostudiow.com.br\/site\/wp-json\/wp\/v2\/media\/29301"}],"wp:attachment":[{"href":"https:\/\/radiostudiow.com.br\/site\/wp-json\/wp\/v2\/media?parent=29283"}],"wp:term":[{"taxonomy":"category","embeddable":true,"href":"https:\/\/radiostudiow.com.br\/site\/wp-json\/wp\/v2\/categories?post=29283"},{"taxonomy":"post_tag","embeddable":true,"href":"https:\/\/radiostudiow.com.br\/site\/wp-json\/wp\/v2\/tags?post=29283"}],"curies":[{"name":"wp","href":"https:\/\/api.w.org\/{rel}","templated":true}]}}