{"id":29285,"date":"2024-10-24T18:30:31","date_gmt":"2024-10-24T21:30:31","guid":{"rendered":"https:\/\/radiostudiow.com.br\/site\/?p=29285"},"modified":"2025-01-31T14:58:18","modified_gmt":"2025-01-31T17:58:18","slug":"parana-decide-nao-incluir-cobranca-do-novo-dpvat-no-ipva-e-licenciamento-de-2025","status":"publish","type":"post","link":"https:\/\/radiostudiow.com.br\/site\/2024\/10\/24\/parana-decide-nao-incluir-cobranca-do-novo-dpvat-no-ipva-e-licenciamento-de-2025\/","title":{"rendered":"Paran\u00e1 decide n\u00e3o incluir cobran\u00e7a do novo DPVAT no IPVA e licenciamento de 2025"},"content":{"rendered":"\n<p>O Governo do Paran\u00e1 anunciou nesta quinta-feira (24) que n\u00e3o realizar\u00e1 a cobran\u00e7a do novo Seguro Obrigat\u00f3rio para Prote\u00e7\u00e3o de V\u00edtimas de Acidentes de Tr\u00e2nsito (SPVAT) junto ao IPVA e o licenciamento de 2025. A medida foi adotada depois que os questionamentos do governo estadual \u00e0 Caixa Econ\u00f4mica Federal, respons\u00e1vel por firmar conv\u00eanios com os estados, n\u00e3o foram completamente sanados. Dessa forma, o Paran\u00e1 optou por n\u00e3o integrar a cobran\u00e7a do SPVAT aos tributos estaduais.<\/p>\n\n\n\n<p>O SPVAT foi recriado em maio de 2024 pela Lei Federal Complementar n\u00ba 207, ap\u00f3s a extin\u00e7\u00e3o do antigo DPVAT em 2019. Agora, cabe \u00e0 Caixa Econ\u00f4mica Federal definir a forma para realizar a cobran\u00e7a do seguro no Paran\u00e1.<\/p>\n\n\n\n<figure class=\"wp-block-image size-full\"><img loading=\"lazy\" decoding=\"async\" width=\"900\" height=\"408\" src=\"https:\/\/radiostudiow.com.br\/site\/wp-content\/uploads\/2024\/09\/image-64-1.png\" alt=\"\" class=\"wp-image-28207\" srcset=\"https:\/\/radiostudiow.com.br\/site\/wp-content\/uploads\/2024\/09\/image-64-1.png 900w, https:\/\/radiostudiow.com.br\/site\/wp-content\/uploads\/2024\/09\/image-64-1-300x136.png 300w, https:\/\/radiostudiow.com.br\/site\/wp-content\/uploads\/2024\/09\/image-64-1-768x348.png 768w\" sizes=\"auto, (max-width: 900px) 100vw, 900px\" \/><\/figure>\n\n\n\n<p>De acordo com o Departamento de Tr\u00e2nsito do Paran\u00e1 (Detran\/PR), atualmente s\u00e3o 8.528.604 ve\u00edculos ativos no Estado.<\/p>\n\n\n\n<p>A decis\u00e3o do Governo do Paran\u00e1 foi tomada ap\u00f3s reuni\u00e3o entre o governador Carlos Massa Ratinho Junior e o diretor-presidente do Detran\/PR, Adriano Furtado. <em><strong>\u201cOptamos por n\u00e3o incluir essa cobran\u00e7a nas taxas estaduais porque a decis\u00e3o n\u00e3o foi diretamente comunicada aos contribuintes pelo governo federal, que passariam a ser cobrados pelo novo DPVAT dentro do licenciamento e do IPVA. Al\u00e9m disso, temos a preocupa\u00e7\u00e3o com o bolso do paranaense que no come\u00e7o do ano j\u00e1 tem seu or\u00e7amento comprometido com outras responsabilidades e a Lei Complementar prev\u00ea o pagamento do SPVAT em janeiro\u201d,<\/strong> afirma o governador Ratinho Junior.<\/em><\/p>\n\n\n\n<p>Segundo o diretor-presidente do Detran\/PR, Adriano Furtado, a medida visa minimizar o impacto de mais um encargo sobre os motoristas paranaenses. <em><strong>\u201cN\u00f3s fomos procurados pela Caixa Econ\u00f4mica para viabilizar a cobran\u00e7a e tivemos posi\u00e7\u00e3o contr\u00e1ria, especialmente porque eles insistem na cobran\u00e7a do in\u00edcio do ano e o Governo do Paran\u00e1 faz as cobran\u00e7as de taxas administrativas de licenciamento no segundo semestre para viabilizar melhores condi\u00e7\u00f5es ao contribuinte. A nossa decis\u00e3o quer dar transpar\u00eancia e clareza ao processo e evitar complica\u00e7\u00f5es para os motoristas paranaenses\u201d, <\/strong>esclarece Furtado.<\/em><\/p>\n\n\n\n<figure class=\"wp-block-image size-full\"><img loading=\"lazy\" decoding=\"async\" width=\"897\" height=\"204\" src=\"https:\/\/radiostudiow.com.br\/site\/wp-content\/uploads\/2024\/04\/image-19.png\" alt=\"\" class=\"wp-image-21212\" srcset=\"https:\/\/radiostudiow.com.br\/site\/wp-content\/uploads\/2024\/04\/image-19.png 897w, https:\/\/radiostudiow.com.br\/site\/wp-content\/uploads\/2024\/04\/image-19-300x68.png 300w, https:\/\/radiostudiow.com.br\/site\/wp-content\/uploads\/2024\/04\/image-19-768x175.png 768w\" sizes=\"auto, (max-width: 897px) 100vw, 897px\" \/><\/figure>\n\n\n\n<p><strong>IPVA MOTOS \u2013<\/strong>\u00a0Nesta semana, o governador Ratinho Junior tamb\u00e9m anunciou que o Governo do Estado encaminhar\u00e1 \u00e0 Assembleia Legislativa do Paran\u00e1 (Alep) um projeto de lei para\u00a0isentar motocicletas de at\u00e9 170 cilindradas do pagamento de IPVA\u00a0a partir de janeiro de 2025. A medida beneficiar\u00e1 mais de 732 mil ve\u00edculos, representando 77% da frota tribut\u00e1vel de motocicletas do estado.<\/p>\n\n\n\n<p><strong><em>Com informa\u00e7\u00f5es AEN<\/em><\/strong><\/p>\n","protected":false},"excerpt":{"rendered":"<p>O Governo do Paran\u00e1 anunciou nesta quinta-feira (24) que n\u00e3o realizar\u00e1 a cobran\u00e7a do novo Seguro Obrigat\u00f3rio para Prote\u00e7\u00e3o de V\u00edtimas de Acidentes de Tr\u00e2nsito (SPVAT) junto ao IPVA e o licenciamento de 2025. A medida foi adotada depois que os questionamentos do governo estadual \u00e0 Caixa Econ\u00f4mica Federal, respons\u00e1vel por firmar conv\u00eanios com os [&hellip;]<\/p>\n","protected":false},"author":2,"featured_media":18615,"comment_status":"open","ping_status":"open","sticky":false,"template":"","format":"standard","meta":{"footnotes":""},"categories":[7],"tags":[172],"class_list":["post-29285","post","type-post","status-publish","format-standard","has-post-thumbnail","hentry","category-geral","tag-featured"],"amp_enabled":true,"_links":{"self":[{"href":"https:\/\/radiostudiow.com.br\/site\/wp-json\/wp\/v2\/posts\/29285","targetHints":{"allow":["GET"]}}],"collection":[{"href":"https:\/\/radiostudiow.com.br\/site\/wp-json\/wp\/v2\/posts"}],"about":[{"href":"https:\/\/radiostudiow.com.br\/site\/wp-json\/wp\/v2\/types\/post"}],"author":[{"embeddable":true,"href":"https:\/\/radiostudiow.com.br\/site\/wp-json\/wp\/v2\/users\/2"}],"replies":[{"embeddable":true,"href":"https:\/\/radiostudiow.com.br\/site\/wp-json\/wp\/v2\/comments?post=29285"}],"version-history":[{"count":4,"href":"https:\/\/radiostudiow.com.br\/site\/wp-json\/wp\/v2\/posts\/29285\/revisions"}],"predecessor-version":[{"id":29291,"href":"https:\/\/radiostudiow.com.br\/site\/wp-json\/wp\/v2\/posts\/29285\/revisions\/29291"}],"wp:featuredmedia":[{"embeddable":true,"href":"https:\/\/radiostudiow.com.br\/site\/wp-json\/wp\/v2\/media\/18615"}],"wp:attachment":[{"href":"https:\/\/radiostudiow.com.br\/site\/wp-json\/wp\/v2\/media?parent=29285"}],"wp:term":[{"taxonomy":"category","embeddable":true,"href":"https:\/\/radiostudiow.com.br\/site\/wp-json\/wp\/v2\/categories?post=29285"},{"taxonomy":"post_tag","embeddable":true,"href":"https:\/\/radiostudiow.com.br\/site\/wp-json\/wp\/v2\/tags?post=29285"}],"curies":[{"name":"wp","href":"https:\/\/api.w.org\/{rel}","templated":true}]}}