{"id":29310,"date":"2024-10-24T21:15:57","date_gmt":"2024-10-25T00:15:57","guid":{"rendered":"https:\/\/radiostudiow.com.br\/site\/?p=29310"},"modified":"2025-01-31T14:58:18","modified_gmt":"2025-01-31T17:58:18","slug":"chuva-e-ventos-fortes-destelham-casas-causam-transtornos-e-inundacoes-pela-regiao","status":"publish","type":"post","link":"https:\/\/radiostudiow.com.br\/site\/2024\/10\/24\/chuva-e-ventos-fortes-destelham-casas-causam-transtornos-e-inundacoes-pela-regiao\/","title":{"rendered":"Chuva e ventos fortes destelham casas, causam transtornos e inunda\u00e7\u00f5es pela regi\u00e3o"},"content":{"rendered":"\n<h2 class=\"wp-block-heading\"><strong>Chuva forte causa inunda\u00e7\u00f5es na entrada de Paula Freitas<\/strong><\/h2>\n\n\n\n<p>Na manh\u00e3 dessa quinta-feira, 24 de outubro, fortes chuvas atingiram a regi\u00e3o de Paula Freitas, resultando em alagamentos na PR-831, que conecta a BR-476 ao munic\u00edpio de Paula Freitas.<\/p>\n\n\n\n<p>Motoristas relataram dificuldades em transitar pela via, com trechos inundados.<\/p>\n\n\n\n<figure class=\"wp-block-image size-full\"><img loading=\"lazy\" decoding=\"async\" width=\"598\" height=\"204\" src=\"https:\/\/radiostudiow.com.br\/site\/wp-content\/uploads\/2024\/04\/image-29.png\" alt=\"\" class=\"wp-image-21283\" srcset=\"https:\/\/radiostudiow.com.br\/site\/wp-content\/uploads\/2024\/04\/image-29.png 598w, https:\/\/radiostudiow.com.br\/site\/wp-content\/uploads\/2024\/04\/image-29-300x102.png 300w\" sizes=\"auto, (max-width: 598px) 100vw, 598px\" \/><\/figure>\n\n\n\n<h2 class=\"wp-block-heading\"><strong>Vento forte destelha casas em Rio Vermelho e causa transtornos na BR-476<\/strong><\/h2>\n\n\n\n<p>A Defesa Civil de Uni\u00e3o da Vit\u00f3ria foi acionada para atender fam\u00edlias da comunidade de Rio Vermelho, na \u00e1rea rural do munic\u00edpio, ap\u00f3s fortes chuvas e ventos intensos destelharem v\u00e1rias resid\u00eancias.<\/p>\n\n\n\n<p>Equipes est\u00e3o distribuindo lonas para cobrir os telhados danificados e minimizar os preju\u00edzos, al\u00e9m de oferecer suporte emergencial \u00e0s fam\u00edlias afetadas.<\/p>\n\n\n\n<p>O temporal tamb\u00e9m provocou a queda de galhos de \u00e1rvores na BR-476, pr\u00f3ximo ao Posto Mallon, bloqueando parcialmente a pista e o acostamento.<\/p>\n\n\n\n<p>A Defesa Civil e equipes de manuten\u00e7\u00e3o trabalharam para liberar a via e garantir a seguran\u00e7a dos motoristas.<\/p>\n\n\n\n<figure class=\"wp-block-gallery has-nested-images columns-default is-cropped wp-block-gallery-1 is-layout-flex wp-block-gallery-is-layout-flex\">\n<figure class=\"wp-block-image size-large\"><img loading=\"lazy\" decoding=\"async\" width=\"936\" height=\"707\" data-id=\"29312\" src=\"https:\/\/radiostudiow.com.br\/site\/wp-content\/uploads\/2024\/10\/02-4.jpeg\" alt=\"\" class=\"wp-image-29312\" srcset=\"https:\/\/radiostudiow.com.br\/site\/wp-content\/uploads\/2024\/10\/02-4.jpeg 936w, https:\/\/radiostudiow.com.br\/site\/wp-content\/uploads\/2024\/10\/02-4-300x227.jpeg 300w, https:\/\/radiostudiow.com.br\/site\/wp-content\/uploads\/2024\/10\/02-4-768x580.jpeg 768w\" sizes=\"auto, (max-width: 936px) 100vw, 936px\" \/><\/figure>\n\n\n\n<figure class=\"wp-block-image size-large\"><img loading=\"lazy\" decoding=\"async\" width=\"934\" height=\"599\" data-id=\"29313\" src=\"https:\/\/radiostudiow.com.br\/site\/wp-content\/uploads\/2024\/10\/03-6.jpeg\" alt=\"\" class=\"wp-image-29313\" srcset=\"https:\/\/radiostudiow.com.br\/site\/wp-content\/uploads\/2024\/10\/03-6.jpeg 934w, https:\/\/radiostudiow.com.br\/site\/wp-content\/uploads\/2024\/10\/03-6-300x192.jpeg 300w, https:\/\/radiostudiow.com.br\/site\/wp-content\/uploads\/2024\/10\/03-6-768x493.jpeg 768w\" sizes=\"auto, (max-width: 934px) 100vw, 934px\" \/><\/figure>\n<\/figure>\n","protected":false},"excerpt":{"rendered":"<p>Chuva forte causa inunda\u00e7\u00f5es na entrada de Paula Freitas Na manh\u00e3 dessa quinta-feira, 24 de outubro, fortes chuvas atingiram a regi\u00e3o de Paula Freitas, resultando em alagamentos na PR-831, que conecta a BR-476 ao munic\u00edpio de Paula Freitas. Motoristas relataram dificuldades em transitar pela via, com trechos inundados. Vento forte destelha casas em Rio Vermelho [&hellip;]<\/p>\n","protected":false},"author":2,"featured_media":29314,"comment_status":"open","ping_status":"open","sticky":false,"template":"","format":"standard","meta":{"footnotes":""},"categories":[185],"tags":[172],"class_list":["post-29310","post","type-post","status-publish","format-standard","has-post-thumbnail","hentry","category-regional","tag-featured"],"amp_enabled":true,"_links":{"self":[{"href":"https:\/\/radiostudiow.com.br\/site\/wp-json\/wp\/v2\/posts\/29310","targetHints":{"allow":["GET"]}}],"collection":[{"href":"https:\/\/radiostudiow.com.br\/site\/wp-json\/wp\/v2\/posts"}],"about":[{"href":"https:\/\/radiostudiow.com.br\/site\/wp-json\/wp\/v2\/types\/post"}],"author":[{"embeddable":true,"href":"https:\/\/radiostudiow.com.br\/site\/wp-json\/wp\/v2\/users\/2"}],"replies":[{"embeddable":true,"href":"https:\/\/radiostudiow.com.br\/site\/wp-json\/wp\/v2\/comments?post=29310"}],"version-history":[{"count":1,"href":"https:\/\/radiostudiow.com.br\/site\/wp-json\/wp\/v2\/posts\/29310\/revisions"}],"predecessor-version":[{"id":29315,"href":"https:\/\/radiostudiow.com.br\/site\/wp-json\/wp\/v2\/posts\/29310\/revisions\/29315"}],"wp:featuredmedia":[{"embeddable":true,"href":"https:\/\/radiostudiow.com.br\/site\/wp-json\/wp\/v2\/media\/29314"}],"wp:attachment":[{"href":"https:\/\/radiostudiow.com.br\/site\/wp-json\/wp\/v2\/media?parent=29310"}],"wp:term":[{"taxonomy":"category","embeddable":true,"href":"https:\/\/radiostudiow.com.br\/site\/wp-json\/wp\/v2\/categories?post=29310"},{"taxonomy":"post_tag","embeddable":true,"href":"https:\/\/radiostudiow.com.br\/site\/wp-json\/wp\/v2\/tags?post=29310"}],"curies":[{"name":"wp","href":"https:\/\/api.w.org\/{rel}","templated":true}]}}