{"id":29317,"date":"2024-10-25T09:40:26","date_gmt":"2024-10-25T12:40:26","guid":{"rendered":"https:\/\/radiostudiow.com.br\/site\/?p=29317"},"modified":"2025-01-31T14:58:18","modified_gmt":"2025-01-31T17:58:18","slug":"policia-militar-divulgou-mais-detalher-sobre-o-assalto-ocorrido-na-colonia-rio-vermelho-uniao-da-vitoria","status":"publish","type":"post","link":"https:\/\/radiostudiow.com.br\/site\/2024\/10\/25\/policia-militar-divulgou-mais-detalher-sobre-o-assalto-ocorrido-na-colonia-rio-vermelho-uniao-da-vitoria\/","title":{"rendered":"Pol\u00edcia Militar divulgou mais detalher sobre o assalto ocorrido na Col\u00f4nia Rio Vermelho Uni\u00e3o da Vit\u00f3ria"},"content":{"rendered":"\n<p>A Pol\u00edcia Militar de Uni\u00e3o da Vit\u00f3ria divulgou o release sobre o assalto ocorrido na Col\u00f4nia Rio Vermelho, no interior do munic\u00edpio nesta quinta-feira (24).<\/p>\n\n\n\n<p>A v\u00edtima relatou que tr\u00eas indiv\u00edduos chegaram em sua resid\u00eancia por volta das 9h30min e ap\u00f3s invadirem o local, amarraram seus bra\u00e7os e pernas com uma corda e sob tortura psicol\u00f3gica exigiam que entregasse o dinheiro que supostamente estaria escondido.<\/p>\n\n\n\n<figure class=\"wp-block-image size-full\"><img loading=\"lazy\" decoding=\"async\" width=\"897\" height=\"204\" src=\"https:\/\/radiostudiow.com.br\/site\/wp-content\/uploads\/2024\/04\/image-51.png\" alt=\"\" class=\"wp-image-21370\" srcset=\"https:\/\/radiostudiow.com.br\/site\/wp-content\/uploads\/2024\/04\/image-51.png 897w, https:\/\/radiostudiow.com.br\/site\/wp-content\/uploads\/2024\/04\/image-51-300x68.png 300w, https:\/\/radiostudiow.com.br\/site\/wp-content\/uploads\/2024\/04\/image-51-768x175.png 768w\" sizes=\"auto, (max-width: 897px) 100vw, 897px\" \/><\/figure>\n\n\n\n<p>O trio roubou diversas ferramentas, j\u00f3ias, dinheiro e a Saveiro da <a><\/a>fam\u00edlia e se evadiram e depois que a v\u00edtima conseguiu se desvencilhar das cordas, correu pedir ajuda da vizinha, que acionou a PM.<\/p>\n\n\n\n<p>Posteriormente, a Pol\u00edcia Militar de Canoinhas recebeu informa\u00e7\u00f5es sobre o roubo do interior de Uni\u00e3o da Vit\u00f3ria e policiais de Canoinhas e Tr\u00eas Barras montaram barreiras policiais e o ve\u00edculo utilizado para fuga ao avistar uma das barreiras policiais empreendeu fuga sentido o bairro S\u00e3o Crist\u00f3v\u00e3o, em Tr\u00eas Barras.<\/p>\n\n\n\n<p>Os policiais realizaram o acompanhamento do ve\u00edculo, que durante a fuga caiu em uma vala. Ap\u00f3s a colis\u00e3o, tr\u00eas ocupantes desceram do ve\u00edculo, um destes fez men\u00e7\u00e3o de retirar uma arma da cintura e foi alvejado na barriga, logo ap\u00f3s, recebeu voz de pris\u00e3o e foi conduzido pelo Corpo de Bombeiros ao Pronto Atendimento.<\/p>\n\n\n\n<figure class=\"wp-block-image size-full\"><img loading=\"lazy\" decoding=\"async\" width=\"897\" height=\"204\" src=\"https:\/\/radiostudiow.com.br\/site\/wp-content\/uploads\/2024\/04\/image-38.png\" alt=\"\" class=\"wp-image-21308\" srcset=\"https:\/\/radiostudiow.com.br\/site\/wp-content\/uploads\/2024\/04\/image-38.png 897w, https:\/\/radiostudiow.com.br\/site\/wp-content\/uploads\/2024\/04\/image-38-300x68.png 300w, https:\/\/radiostudiow.com.br\/site\/wp-content\/uploads\/2024\/04\/image-38-768x175.png 768w\" sizes=\"auto, (max-width: 897px) 100vw, 897px\" \/><\/figure>\n\n\n\n<p>Outro ocupante do ve\u00edculo tamb\u00e9m foi preso no local. E o terceiro suspeito fugiu para \u00e1rea de mata pr\u00f3xima, n\u00e3o sendo mais localizado.<\/p>\n\n\n\n<p>Com os suspeitos, foram encontrados v\u00e1rios itens utilizados para a pr\u00e1tica do crime entre eles: uma arma de brinquedo, similar a uma arma de fogo, corda, que segundo as v\u00edtimas foi utilizada para tortur\u00e1-las e uma faca.<\/p>\n\n\n\n<p>Foram recuperados os objetos subtra\u00eddos no roubo, entre eles: grande quantia em dinheiro, dois celulares, j\u00f3ias e ferramentas.<\/p>\n\n\n\n<p><em>Obs: oficialmente a PM n\u00e3o divulgou, mas dos autores do roubo, pelo menos dois deles s\u00e3o da regi\u00e3o de Irine\u00f3polis.<\/em><\/p>\n\n\n\n<figure class=\"wp-block-image size-large\"><img loading=\"lazy\" decoding=\"async\" width=\"1024\" height=\"1024\" src=\"https:\/\/radiostudiow.com.br\/site\/wp-content\/uploads\/2024\/10\/image-61-1024x1024.png\" alt=\"\" class=\"wp-image-29319\" srcset=\"https:\/\/radiostudiow.com.br\/site\/wp-content\/uploads\/2024\/10\/image-61-1024x1024.png 1024w, https:\/\/radiostudiow.com.br\/site\/wp-content\/uploads\/2024\/10\/image-61-300x300.png 300w, https:\/\/radiostudiow.com.br\/site\/wp-content\/uploads\/2024\/10\/image-61-768x768.png 768w, https:\/\/radiostudiow.com.br\/site\/wp-content\/uploads\/2024\/10\/image-61-80x80.png 80w, https:\/\/radiostudiow.com.br\/site\/wp-content\/uploads\/2024\/10\/image-61.png 1080w\" sizes=\"auto, (max-width: 1024px) 100vw, 1024px\" \/><\/figure>\n\n\n\n<p><em>FONTE: PMSC<\/em><\/p>\n","protected":false},"excerpt":{"rendered":"<p>A Pol\u00edcia Militar de Uni\u00e3o da Vit\u00f3ria divulgou o release sobre o assalto ocorrido na Col\u00f4nia Rio Vermelho, no interior do munic\u00edpio nesta quinta-feira (24). A v\u00edtima relatou que tr\u00eas indiv\u00edduos chegaram em sua resid\u00eancia por volta das 9h30min e ap\u00f3s invadirem o local, amarraram seus bra\u00e7os e pernas com uma corda e sob tortura [&hellip;]<\/p>\n","protected":false},"author":2,"featured_media":29318,"comment_status":"open","ping_status":"open","sticky":false,"template":"","format":"standard","meta":{"footnotes":""},"categories":[2],"tags":[172],"class_list":["post-29317","post","type-post","status-publish","format-standard","has-post-thumbnail","hentry","category-policial","tag-featured"],"amp_enabled":true,"_links":{"self":[{"href":"https:\/\/radiostudiow.com.br\/site\/wp-json\/wp\/v2\/posts\/29317","targetHints":{"allow":["GET"]}}],"collection":[{"href":"https:\/\/radiostudiow.com.br\/site\/wp-json\/wp\/v2\/posts"}],"about":[{"href":"https:\/\/radiostudiow.com.br\/site\/wp-json\/wp\/v2\/types\/post"}],"author":[{"embeddable":true,"href":"https:\/\/radiostudiow.com.br\/site\/wp-json\/wp\/v2\/users\/2"}],"replies":[{"embeddable":true,"href":"https:\/\/radiostudiow.com.br\/site\/wp-json\/wp\/v2\/comments?post=29317"}],"version-history":[{"count":1,"href":"https:\/\/radiostudiow.com.br\/site\/wp-json\/wp\/v2\/posts\/29317\/revisions"}],"predecessor-version":[{"id":29320,"href":"https:\/\/radiostudiow.com.br\/site\/wp-json\/wp\/v2\/posts\/29317\/revisions\/29320"}],"wp:featuredmedia":[{"embeddable":true,"href":"https:\/\/radiostudiow.com.br\/site\/wp-json\/wp\/v2\/media\/29318"}],"wp:attachment":[{"href":"https:\/\/radiostudiow.com.br\/site\/wp-json\/wp\/v2\/media?parent=29317"}],"wp:term":[{"taxonomy":"category","embeddable":true,"href":"https:\/\/radiostudiow.com.br\/site\/wp-json\/wp\/v2\/categories?post=29317"},{"taxonomy":"post_tag","embeddable":true,"href":"https:\/\/radiostudiow.com.br\/site\/wp-json\/wp\/v2\/tags?post=29317"}],"curies":[{"name":"wp","href":"https:\/\/api.w.org\/{rel}","templated":true}]}}