{"id":29328,"date":"2024-10-25T12:01:20","date_gmt":"2024-10-25T15:01:20","guid":{"rendered":"https:\/\/radiostudiow.com.br\/site\/?p=29328"},"modified":"2025-01-31T14:58:18","modified_gmt":"2025-01-31T17:58:18","slug":"pm-de-sao-mateus-do-sul-cumpriu-mandado-de-prisao","status":"publish","type":"post","link":"https:\/\/radiostudiow.com.br\/site\/2024\/10\/25\/pm-de-sao-mateus-do-sul-cumpriu-mandado-de-prisao\/","title":{"rendered":"PM de S\u00e3o Mateus Do Sul cumpriu mandado de pris\u00e3o"},"content":{"rendered":"\n<p>A equipe da Pol\u00edcia Militar de S\u00e3o Mateus Do Sul deu cumprimento de mandado por volta das 16:37 horas dessa quinta-feira, 24 de outubro, durante patrulhamento na \u00e1rea central da cidade.<\/p>\n\n\n\n<p>Os policiais abordaram um indiv\u00edduo que ap\u00f3s identificado foi constatado mandado de pris\u00e3o em seu desfavor. Diante da situa\u00e7\u00e3o, foi dado voz de pris\u00e3o e encaminhado at\u00e9 o Depen.<\/p>\n\n\n\n<figure class=\"wp-block-image size-large is-resized\"><img decoding=\"async\" src=\"https:\/\/radiostudiow.com.br\/site\/wp-content\/uploads\/2024\/10\/image-19-1024x1024.png\" alt=\"\" class=\"wp-image-28623\" style=\"width:474px;height:auto\"\/><\/figure>\n","protected":false},"excerpt":{"rendered":"<p>A equipe da Pol\u00edcia Militar de S\u00e3o Mateus Do Sul deu cumprimento de mandado por volta das 16:37 horas dessa quinta-feira, 24 de outubro, durante patrulhamento na \u00e1rea central da cidade. Os policiais abordaram um indiv\u00edduo que ap\u00f3s identificado foi constatado mandado de pris\u00e3o em seu desfavor. Diante da situa\u00e7\u00e3o, foi dado voz de pris\u00e3o [&hellip;]<\/p>\n","protected":false},"author":2,"featured_media":27487,"comment_status":"open","ping_status":"open","sticky":false,"template":"","format":"standard","meta":{"footnotes":""},"categories":[2],"tags":[172],"class_list":["post-29328","post","type-post","status-publish","format-standard","has-post-thumbnail","hentry","category-policial","tag-featured"],"amp_enabled":true,"_links":{"self":[{"href":"https:\/\/radiostudiow.com.br\/site\/wp-json\/wp\/v2\/posts\/29328","targetHints":{"allow":["GET"]}}],"collection":[{"href":"https:\/\/radiostudiow.com.br\/site\/wp-json\/wp\/v2\/posts"}],"about":[{"href":"https:\/\/radiostudiow.com.br\/site\/wp-json\/wp\/v2\/types\/post"}],"author":[{"embeddable":true,"href":"https:\/\/radiostudiow.com.br\/site\/wp-json\/wp\/v2\/users\/2"}],"replies":[{"embeddable":true,"href":"https:\/\/radiostudiow.com.br\/site\/wp-json\/wp\/v2\/comments?post=29328"}],"version-history":[{"count":1,"href":"https:\/\/radiostudiow.com.br\/site\/wp-json\/wp\/v2\/posts\/29328\/revisions"}],"predecessor-version":[{"id":29329,"href":"https:\/\/radiostudiow.com.br\/site\/wp-json\/wp\/v2\/posts\/29328\/revisions\/29329"}],"wp:featuredmedia":[{"embeddable":true,"href":"https:\/\/radiostudiow.com.br\/site\/wp-json\/wp\/v2\/media\/27487"}],"wp:attachment":[{"href":"https:\/\/radiostudiow.com.br\/site\/wp-json\/wp\/v2\/media?parent=29328"}],"wp:term":[{"taxonomy":"category","embeddable":true,"href":"https:\/\/radiostudiow.com.br\/site\/wp-json\/wp\/v2\/categories?post=29328"},{"taxonomy":"post_tag","embeddable":true,"href":"https:\/\/radiostudiow.com.br\/site\/wp-json\/wp\/v2\/tags?post=29328"}],"curies":[{"name":"wp","href":"https:\/\/api.w.org\/{rel}","templated":true}]}}