{"id":29330,"date":"2024-10-26T08:46:13","date_gmt":"2024-10-26T11:46:13","guid":{"rendered":"https:\/\/radiostudiow.com.br\/site\/?p=29330"},"modified":"2025-01-31T14:58:18","modified_gmt":"2025-01-31T17:58:18","slug":"tombamento-de-caminhao-na-sc-135-deixa-condutor-ferido","status":"publish","type":"post","link":"https:\/\/radiostudiow.com.br\/site\/2024\/10\/26\/tombamento-de-caminhao-na-sc-135-deixa-condutor-ferido\/","title":{"rendered":"Tombamento de caminh\u00e3o na SC-135 deixa condutor ferido"},"content":{"rendered":"\n<p>O Corpo de Bombeiros Porto Uni\u00e3o foi acionada para atender a um acidente de tr\u00e2nsito envolvendo o tombamento de um caminh\u00e3o.<\/p>\n\n\n\n<p>Durante o deslocamento, a equipe foi abordada por um ve\u00edculo particular que informava estar transportando o motorista envolvido no acidente.&nbsp;O homem, de 23 anos, relatou que o caminh\u00e3o Iveco de cor branca estava tombado na SC-135, ocupando meia pista.<\/p>\n\n\n\n<figure class=\"wp-block-image size-full\"><img loading=\"lazy\" decoding=\"async\" width=\"598\" height=\"204\" src=\"https:\/\/radiostudiow.com.br\/site\/wp-content\/uploads\/2024\/10\/labirati.png\" alt=\"\" class=\"wp-image-28854\" srcset=\"https:\/\/radiostudiow.com.br\/site\/wp-content\/uploads\/2024\/10\/labirati.png 598w, https:\/\/radiostudiow.com.br\/site\/wp-content\/uploads\/2024\/10\/labirati-300x102.png 300w\" sizes=\"auto, (max-width: 598px) 100vw, 598px\" \/><\/figure>\n\n\n\n<p>O motorista apresentava fortes dores na coluna lombar, regi\u00e3o anterior do t\u00f3rax e abd\u00f4men, al\u00e9m de ferimentos abrasivos nos membros inferiores. Ap\u00f3s a chegada da ambul\u00e2ncia, ele foi avaliado e imobilizado em uma maca r\u00edgida. O paciente informou que saiu do ve\u00edculo sozinho ap\u00f3s o acidente e, em seguida, foi conduzido ao Hospital S\u00e3o Braz para atendimento m\u00e9dico.<\/p>\n\n\n\n<p>A Pol\u00edcia Militar Rodovi\u00e1ria foi acionada para o local, e uma guarni\u00e7\u00e3o da OBM de Matos Costa tamb\u00e9m prestou apoio na ocorr\u00eancia.<\/p>\n\n\n\n<figure class=\"wp-block-image size-full\"><img loading=\"lazy\" decoding=\"async\" width=\"720\" height=\"498\" src=\"https:\/\/radiostudiow.com.br\/site\/wp-content\/uploads\/2024\/10\/01-3.jpeg\" alt=\"\" class=\"wp-image-29342\" srcset=\"https:\/\/radiostudiow.com.br\/site\/wp-content\/uploads\/2024\/10\/01-3.jpeg 720w, https:\/\/radiostudiow.com.br\/site\/wp-content\/uploads\/2024\/10\/01-3-300x208.jpeg 300w\" sizes=\"auto, (max-width: 720px) 100vw, 720px\" \/><\/figure>\n","protected":false},"excerpt":{"rendered":"<p>O Corpo de Bombeiros Porto Uni\u00e3o foi acionada para atender a um acidente de tr\u00e2nsito envolvendo o tombamento de um caminh\u00e3o. Durante o deslocamento, a equipe foi abordada por um ve\u00edculo particular que informava estar transportando o motorista envolvido no acidente.&nbsp;O homem, de 23 anos, relatou que o caminh\u00e3o Iveco de cor branca estava tombado [&hellip;]<\/p>\n","protected":false},"author":2,"featured_media":29341,"comment_status":"open","ping_status":"open","sticky":false,"template":"","format":"standard","meta":{"footnotes":""},"categories":[185],"tags":[172],"class_list":["post-29330","post","type-post","status-publish","format-standard","has-post-thumbnail","hentry","category-regional","tag-featured"],"amp_enabled":true,"_links":{"self":[{"href":"https:\/\/radiostudiow.com.br\/site\/wp-json\/wp\/v2\/posts\/29330","targetHints":{"allow":["GET"]}}],"collection":[{"href":"https:\/\/radiostudiow.com.br\/site\/wp-json\/wp\/v2\/posts"}],"about":[{"href":"https:\/\/radiostudiow.com.br\/site\/wp-json\/wp\/v2\/types\/post"}],"author":[{"embeddable":true,"href":"https:\/\/radiostudiow.com.br\/site\/wp-json\/wp\/v2\/users\/2"}],"replies":[{"embeddable":true,"href":"https:\/\/radiostudiow.com.br\/site\/wp-json\/wp\/v2\/comments?post=29330"}],"version-history":[{"count":2,"href":"https:\/\/radiostudiow.com.br\/site\/wp-json\/wp\/v2\/posts\/29330\/revisions"}],"predecessor-version":[{"id":29343,"href":"https:\/\/radiostudiow.com.br\/site\/wp-json\/wp\/v2\/posts\/29330\/revisions\/29343"}],"wp:featuredmedia":[{"embeddable":true,"href":"https:\/\/radiostudiow.com.br\/site\/wp-json\/wp\/v2\/media\/29341"}],"wp:attachment":[{"href":"https:\/\/radiostudiow.com.br\/site\/wp-json\/wp\/v2\/media?parent=29330"}],"wp:term":[{"taxonomy":"category","embeddable":true,"href":"https:\/\/radiostudiow.com.br\/site\/wp-json\/wp\/v2\/categories?post=29330"},{"taxonomy":"post_tag","embeddable":true,"href":"https:\/\/radiostudiow.com.br\/site\/wp-json\/wp\/v2\/tags?post=29330"}],"curies":[{"name":"wp","href":"https:\/\/api.w.org\/{rel}","templated":true}]}}