{"id":29346,"date":"2024-10-26T09:15:00","date_gmt":"2024-10-26T12:15:00","guid":{"rendered":"https:\/\/radiostudiow.com.br\/site\/?p=29346"},"modified":"2025-01-31T14:58:18","modified_gmt":"2025-01-31T17:58:18","slug":"operacao-policial-prende-traficante-em-sao-mateus-do-sul","status":"publish","type":"post","link":"https:\/\/radiostudiow.com.br\/site\/2024\/10\/26\/operacao-policial-prende-traficante-em-sao-mateus-do-sul\/","title":{"rendered":"Opera\u00e7\u00e3o policial prende traficante em S\u00e3o Mateus do Sul"},"content":{"rendered":"\n<p>A Pol\u00edcia Civil, por meio da 3\u00aa Subdivis\u00e3o Policial de S\u00e3o Mateus do Sul, com o apoio do N\u00facleo de Opera\u00e7\u00f5es com C\u00e3es e da Pol\u00edcia Militar, efetuou o cumprimento de um mandado de busca e apreens\u00e3o em S\u00e3o Mateus do Sul e prendeu em flagrante um jovem de 26 anos pelo delito de tr\u00e1fico de drogas na Vila Faty durante a manh\u00e3 desta sexta-feira (25).<\/p>\n\n\n\n<figure class=\"wp-block-image size-large\"><img decoding=\"async\" src=\"https:\/\/radiostudiow.com.br\/site\/wp-content\/uploads\/2024\/10\/zm_0002_24AG_anuncio_261x83mm-1024x359.png\" alt=\"\" class=\"wp-image-28224\"\/><\/figure>\n\n\n\n<p>Durante a a\u00e7\u00e3o foram apreendidas cerca de 100 gramas de maconha, 5 gramas de coca\u00edna, uma balan\u00e7a de precis\u00e3o e quase R$ 3.000,00 em esp\u00e9cie, al\u00e9m de cart\u00f5es banc\u00e1rios e telefones celulares.<\/p>\n\n\n\n<p>A a\u00e7\u00e3o foi decorrente de uma investiga\u00e7\u00e3o que se iniciou no m\u00eas de agosto deste ano e visava identificar agentes criminosos que atuam no tr\u00e1fico de drogas local.<\/p>\n","protected":false},"excerpt":{"rendered":"<p>A Pol\u00edcia Civil, por meio da 3\u00aa Subdivis\u00e3o Policial de S\u00e3o Mateus do Sul, com o apoio do N\u00facleo de Opera\u00e7\u00f5es com C\u00e3es e da Pol\u00edcia Militar, efetuou o cumprimento de um mandado de busca e apreens\u00e3o em S\u00e3o Mateus do Sul e prendeu em flagrante um jovem de 26 anos pelo delito de tr\u00e1fico [&hellip;]<\/p>\n","protected":false},"author":2,"featured_media":29347,"comment_status":"open","ping_status":"open","sticky":false,"template":"","format":"standard","meta":{"footnotes":""},"categories":[2],"tags":[172],"class_list":["post-29346","post","type-post","status-publish","format-standard","has-post-thumbnail","hentry","category-policial","tag-featured"],"amp_enabled":true,"_links":{"self":[{"href":"https:\/\/radiostudiow.com.br\/site\/wp-json\/wp\/v2\/posts\/29346","targetHints":{"allow":["GET"]}}],"collection":[{"href":"https:\/\/radiostudiow.com.br\/site\/wp-json\/wp\/v2\/posts"}],"about":[{"href":"https:\/\/radiostudiow.com.br\/site\/wp-json\/wp\/v2\/types\/post"}],"author":[{"embeddable":true,"href":"https:\/\/radiostudiow.com.br\/site\/wp-json\/wp\/v2\/users\/2"}],"replies":[{"embeddable":true,"href":"https:\/\/radiostudiow.com.br\/site\/wp-json\/wp\/v2\/comments?post=29346"}],"version-history":[{"count":1,"href":"https:\/\/radiostudiow.com.br\/site\/wp-json\/wp\/v2\/posts\/29346\/revisions"}],"predecessor-version":[{"id":29348,"href":"https:\/\/radiostudiow.com.br\/site\/wp-json\/wp\/v2\/posts\/29346\/revisions\/29348"}],"wp:featuredmedia":[{"embeddable":true,"href":"https:\/\/radiostudiow.com.br\/site\/wp-json\/wp\/v2\/media\/29347"}],"wp:attachment":[{"href":"https:\/\/radiostudiow.com.br\/site\/wp-json\/wp\/v2\/media?parent=29346"}],"wp:term":[{"taxonomy":"category","embeddable":true,"href":"https:\/\/radiostudiow.com.br\/site\/wp-json\/wp\/v2\/categories?post=29346"},{"taxonomy":"post_tag","embeddable":true,"href":"https:\/\/radiostudiow.com.br\/site\/wp-json\/wp\/v2\/tags?post=29346"}],"curies":[{"name":"wp","href":"https:\/\/api.w.org\/{rel}","templated":true}]}}