{"id":29353,"date":"2024-10-26T10:25:01","date_gmt":"2024-10-26T13:25:01","guid":{"rendered":"https:\/\/radiostudiow.com.br\/site\/?p=29353"},"modified":"2025-01-31T14:58:18","modified_gmt":"2025-01-31T17:58:18","slug":"homem-com-mandado-de-prisao-civil-expedido-pela-vara-criminal-da-comarca-de-mallet-e-preso","status":"publish","type":"post","link":"https:\/\/radiostudiow.com.br\/site\/2024\/10\/26\/homem-com-mandado-de-prisao-civil-expedido-pela-vara-criminal-da-comarca-de-mallet-e-preso\/","title":{"rendered":"Homem com mandado de pris\u00e3o civil expedido pela vara criminal da comarca de Mallet \u00e9 preso"},"content":{"rendered":"\n<p>A equipe da Pol\u00edcia Militar de Paulo Frontin estava em patrulhamento, quando um transeunte informou que um cidad\u00e3o estava pr\u00f3ximo \u00e0 sua resid\u00eancia e que havia um mandado de pris\u00e3o em aberto contra o suspeito. Caso foi registrado por volta das 18 horas dessa sexta-feira (25).<\/p>\n\n\n\n<figure class=\"wp-block-gallery has-nested-images columns-default is-cropped wp-block-gallery-1 is-layout-flex wp-block-gallery-is-layout-flex\">\n<figure class=\"wp-block-image size-large\"><img loading=\"lazy\" decoding=\"async\" width=\"897\" height=\"204\" data-id=\"21308\" src=\"https:\/\/radiostudiow.com.br\/site\/wp-content\/uploads\/2024\/04\/image-38.png\" alt=\"\" class=\"wp-image-21308\" srcset=\"https:\/\/radiostudiow.com.br\/site\/wp-content\/uploads\/2024\/04\/image-38.png 897w, https:\/\/radiostudiow.com.br\/site\/wp-content\/uploads\/2024\/04\/image-38-300x68.png 300w, https:\/\/radiostudiow.com.br\/site\/wp-content\/uploads\/2024\/04\/image-38-768x175.png 768w\" sizes=\"auto, (max-width: 897px) 100vw, 897px\" \/><\/figure>\n<\/figure>\n\n\n\n<p>Ao consultar o banco nacional de mandados de pris\u00e3o (BNMP), a equipe confirmou a veracidade da informa\u00e7\u00e3o. Em seguida, deslocou-se at\u00e9 o endere\u00e7o indicado e localizou o referido em frente \u00e0 sua resid\u00eancia, que possu\u00eda mandado de pris\u00e3o civil, com validade at\u00e9 23\/09\/2025, expedido pela vara criminal da comarca de Mallet.<\/p>\n\n\n\n<p>Nesse momento, foi dada voz de pris\u00e3o e ele foi conduzido para os devidos procedimentos.<\/p>\n","protected":false},"excerpt":{"rendered":"<p>A equipe da Pol\u00edcia Militar de Paulo Frontin estava em patrulhamento, quando um transeunte informou que um cidad\u00e3o estava pr\u00f3ximo \u00e0 sua resid\u00eancia e que havia um mandado de pris\u00e3o em aberto contra o suspeito. Caso foi registrado por volta das 18 horas dessa sexta-feira (25). Ao consultar o banco nacional de mandados de pris\u00e3o [&hellip;]<\/p>\n","protected":false},"author":2,"featured_media":14373,"comment_status":"open","ping_status":"open","sticky":false,"template":"","format":"standard","meta":{"footnotes":""},"categories":[2],"tags":[172],"class_list":["post-29353","post","type-post","status-publish","format-standard","has-post-thumbnail","hentry","category-policial","tag-featured"],"amp_enabled":true,"_links":{"self":[{"href":"https:\/\/radiostudiow.com.br\/site\/wp-json\/wp\/v2\/posts\/29353","targetHints":{"allow":["GET"]}}],"collection":[{"href":"https:\/\/radiostudiow.com.br\/site\/wp-json\/wp\/v2\/posts"}],"about":[{"href":"https:\/\/radiostudiow.com.br\/site\/wp-json\/wp\/v2\/types\/post"}],"author":[{"embeddable":true,"href":"https:\/\/radiostudiow.com.br\/site\/wp-json\/wp\/v2\/users\/2"}],"replies":[{"embeddable":true,"href":"https:\/\/radiostudiow.com.br\/site\/wp-json\/wp\/v2\/comments?post=29353"}],"version-history":[{"count":1,"href":"https:\/\/radiostudiow.com.br\/site\/wp-json\/wp\/v2\/posts\/29353\/revisions"}],"predecessor-version":[{"id":29354,"href":"https:\/\/radiostudiow.com.br\/site\/wp-json\/wp\/v2\/posts\/29353\/revisions\/29354"}],"wp:featuredmedia":[{"embeddable":true,"href":"https:\/\/radiostudiow.com.br\/site\/wp-json\/wp\/v2\/media\/14373"}],"wp:attachment":[{"href":"https:\/\/radiostudiow.com.br\/site\/wp-json\/wp\/v2\/media?parent=29353"}],"wp:term":[{"taxonomy":"category","embeddable":true,"href":"https:\/\/radiostudiow.com.br\/site\/wp-json\/wp\/v2\/categories?post=29353"},{"taxonomy":"post_tag","embeddable":true,"href":"https:\/\/radiostudiow.com.br\/site\/wp-json\/wp\/v2\/tags?post=29353"}],"curies":[{"name":"wp","href":"https:\/\/api.w.org\/{rel}","templated":true}]}}