{"id":29355,"date":"2024-10-26T10:52:41","date_gmt":"2024-10-26T13:52:41","guid":{"rendered":"https:\/\/radiostudiow.com.br\/site\/?p=29355"},"modified":"2025-01-31T14:58:18","modified_gmt":"2025-01-31T17:58:18","slug":"homem-morre-baleado-em-sao-mateus-do-sul","status":"publish","type":"post","link":"https:\/\/radiostudiow.com.br\/site\/2024\/10\/26\/homem-morre-baleado-em-sao-mateus-do-sul\/","title":{"rendered":"Homem morre baleado em S\u00e3o Mateus do Sul"},"content":{"rendered":"\n<p>Alexsandro da Silva Gomes, apelido Lequinho, de 42 anos,\u00a0morreu ap\u00f3s ser alvejado com ao menos quatro tiros na Vila Verde, em S\u00e3o Mateus do Sul na noite desta sexta-feira (25).<\/p>\n\n\n\n<p>Corpo de Bombeiros, Samu e Pol\u00edcia Militar foram acionados para a ocorr\u00eancia em uma barbearia do bairro.<\/p>\n\n\n\n<figure class=\"wp-block-image size-full\"><img loading=\"lazy\" decoding=\"async\" width=\"590\" height=\"204\" src=\"https:\/\/radiostudiow.com.br\/site\/wp-content\/uploads\/2024\/04\/image-27.png\" alt=\"\" class=\"wp-image-21280\" srcset=\"https:\/\/radiostudiow.com.br\/site\/wp-content\/uploads\/2024\/04\/image-27.png 590w, https:\/\/radiostudiow.com.br\/site\/wp-content\/uploads\/2024\/04\/image-27-300x104.png 300w\" sizes=\"auto, (max-width: 590px) 100vw, 590px\" \/><\/figure>\n\n\n\n<p>No local segundo informa\u00e7\u00f5es dos Bombeiros, ao chegarem no endere\u00e7o constataram a v\u00edtima j\u00e1 em parada card\u00edaca, com ferimentos por arma de fogo na regi\u00e3o do t\u00f3rax. Equipe do SAMU prestou apoio ao atendimento.<\/p>\n\n\n\n<p>A Pol\u00edcia Militar est\u00e1 no momento \u00e0 procura do respons\u00e1vel pelos disparos. Instituto M\u00e9dico Legal e Criminal\u00edstica estar\u00e3o sendo acionados para apurarem a quantidade exata de disparos e cena do crime.<a href=\"mailto:?subject=CRIME:%20Homem%20morre%20baleado%20na%20noite%20desta%20sexta-feira,%2025&amp;body=https:\/\/www.vvale.com.br\/seguranca\/crime-homem-morre-baleado-na-noite-desta-sexta-feira-25\/\" target=\"_blank\" rel=\"noreferrer noopener\"><\/a><\/p>\n","protected":false},"excerpt":{"rendered":"<p>Alexsandro da Silva Gomes, apelido Lequinho, de 42 anos,\u00a0morreu ap\u00f3s ser alvejado com ao menos quatro tiros na Vila Verde, em S\u00e3o Mateus do Sul na noite desta sexta-feira (25). Corpo de Bombeiros, Samu e Pol\u00edcia Militar foram acionados para a ocorr\u00eancia em uma barbearia do bairro. No local segundo informa\u00e7\u00f5es dos Bombeiros, ao chegarem [&hellip;]<\/p>\n","protected":false},"author":2,"featured_media":29356,"comment_status":"open","ping_status":"open","sticky":false,"template":"","format":"standard","meta":{"footnotes":""},"categories":[2],"tags":[172],"class_list":["post-29355","post","type-post","status-publish","format-standard","has-post-thumbnail","hentry","category-policial","tag-featured"],"amp_enabled":true,"_links":{"self":[{"href":"https:\/\/radiostudiow.com.br\/site\/wp-json\/wp\/v2\/posts\/29355","targetHints":{"allow":["GET"]}}],"collection":[{"href":"https:\/\/radiostudiow.com.br\/site\/wp-json\/wp\/v2\/posts"}],"about":[{"href":"https:\/\/radiostudiow.com.br\/site\/wp-json\/wp\/v2\/types\/post"}],"author":[{"embeddable":true,"href":"https:\/\/radiostudiow.com.br\/site\/wp-json\/wp\/v2\/users\/2"}],"replies":[{"embeddable":true,"href":"https:\/\/radiostudiow.com.br\/site\/wp-json\/wp\/v2\/comments?post=29355"}],"version-history":[{"count":1,"href":"https:\/\/radiostudiow.com.br\/site\/wp-json\/wp\/v2\/posts\/29355\/revisions"}],"predecessor-version":[{"id":29357,"href":"https:\/\/radiostudiow.com.br\/site\/wp-json\/wp\/v2\/posts\/29355\/revisions\/29357"}],"wp:featuredmedia":[{"embeddable":true,"href":"https:\/\/radiostudiow.com.br\/site\/wp-json\/wp\/v2\/media\/29356"}],"wp:attachment":[{"href":"https:\/\/radiostudiow.com.br\/site\/wp-json\/wp\/v2\/media?parent=29355"}],"wp:term":[{"taxonomy":"category","embeddable":true,"href":"https:\/\/radiostudiow.com.br\/site\/wp-json\/wp\/v2\/categories?post=29355"},{"taxonomy":"post_tag","embeddable":true,"href":"https:\/\/radiostudiow.com.br\/site\/wp-json\/wp\/v2\/tags?post=29355"}],"curies":[{"name":"wp","href":"https:\/\/api.w.org\/{rel}","templated":true}]}}