{"id":29369,"date":"2024-10-26T12:05:08","date_gmt":"2024-10-26T15:05:08","guid":{"rendered":"https:\/\/radiostudiow.com.br\/site\/?p=29369"},"modified":"2025-01-31T14:58:18","modified_gmt":"2025-01-31T17:58:18","slug":"homens-vao-pra-delegacia-apos-se-ameacarem-com-facao-em-paula-freitas","status":"publish","type":"post","link":"https:\/\/radiostudiow.com.br\/site\/2024\/10\/26\/homens-vao-pra-delegacia-apos-se-ameacarem-com-facao-em-paula-freitas\/","title":{"rendered":"Homens v\u00e3o parar na delegacia ap\u00f3s se amea\u00e7arem com fac\u00e3o em Paula Freitas"},"content":{"rendered":"\n<p>A equipe da Pol\u00edcia Militar foi acionada para atender ocorr\u00eancia de amea\u00e7a por volta das 15:10 horas da tarde dessa ter\u00e7a-feira, 25 de outubro, na \u00e1rea central de Paula Freitas.<\/p>\n\n\n\n<figure class=\"wp-block-image size-full\"><img loading=\"lazy\" decoding=\"async\" width=\"300\" height=\"180\" src=\"https:\/\/radiostudiow.com.br\/site\/wp-content\/uploads\/2024\/04\/SITE-PEQUENO.png\" alt=\"\" class=\"wp-image-21712\"\/><\/figure>\n\n\n\n<p>No local foi conversado com os envolvidos, que relataram que entraram em discuss\u00e3o, proferindo amea\u00e7as verbais, ambos de posse de fac\u00f5es. Afirmaram que os conflitos s\u00e3o recorrentes.<\/p>\n\n\n\n<p>Diante da situa\u00e7\u00e3o os envolvidos foram encaminhados \u00e0 4\u00b0 SDP para aprecia\u00e7\u00e3o de Pol\u00edcia Judici\u00e1ria.<\/p>\n","protected":false},"excerpt":{"rendered":"<p>A equipe da Pol\u00edcia Militar foi acionada para atender ocorr\u00eancia de amea\u00e7a por volta das 15:10 horas da tarde dessa ter\u00e7a-feira, 25 de outubro, na \u00e1rea central de Paula Freitas. No local foi conversado com os envolvidos, que relataram que entraram em discuss\u00e3o, proferindo amea\u00e7as verbais, ambos de posse de fac\u00f5es. Afirmaram que os conflitos [&hellip;]<\/p>\n","protected":false},"author":2,"featured_media":21681,"comment_status":"open","ping_status":"open","sticky":false,"template":"","format":"standard","meta":{"footnotes":""},"categories":[2],"tags":[172],"class_list":["post-29369","post","type-post","status-publish","format-standard","has-post-thumbnail","hentry","category-policial","tag-featured"],"amp_enabled":true,"_links":{"self":[{"href":"https:\/\/radiostudiow.com.br\/site\/wp-json\/wp\/v2\/posts\/29369","targetHints":{"allow":["GET"]}}],"collection":[{"href":"https:\/\/radiostudiow.com.br\/site\/wp-json\/wp\/v2\/posts"}],"about":[{"href":"https:\/\/radiostudiow.com.br\/site\/wp-json\/wp\/v2\/types\/post"}],"author":[{"embeddable":true,"href":"https:\/\/radiostudiow.com.br\/site\/wp-json\/wp\/v2\/users\/2"}],"replies":[{"embeddable":true,"href":"https:\/\/radiostudiow.com.br\/site\/wp-json\/wp\/v2\/comments?post=29369"}],"version-history":[{"count":2,"href":"https:\/\/radiostudiow.com.br\/site\/wp-json\/wp\/v2\/posts\/29369\/revisions"}],"predecessor-version":[{"id":29373,"href":"https:\/\/radiostudiow.com.br\/site\/wp-json\/wp\/v2\/posts\/29369\/revisions\/29373"}],"wp:featuredmedia":[{"embeddable":true,"href":"https:\/\/radiostudiow.com.br\/site\/wp-json\/wp\/v2\/media\/21681"}],"wp:attachment":[{"href":"https:\/\/radiostudiow.com.br\/site\/wp-json\/wp\/v2\/media?parent=29369"}],"wp:term":[{"taxonomy":"category","embeddable":true,"href":"https:\/\/radiostudiow.com.br\/site\/wp-json\/wp\/v2\/categories?post=29369"},{"taxonomy":"post_tag","embeddable":true,"href":"https:\/\/radiostudiow.com.br\/site\/wp-json\/wp\/v2\/tags?post=29369"}],"curies":[{"name":"wp","href":"https:\/\/api.w.org\/{rel}","templated":true}]}}