{"id":29376,"date":"2024-10-28T09:30:25","date_gmt":"2024-10-28T12:30:25","guid":{"rendered":"https:\/\/radiostudiow.com.br\/site\/?p=29376"},"modified":"2025-01-31T14:58:18","modified_gmt":"2025-01-31T17:58:18","slug":"jovens-sao-encontrados-mortos-em-sao-joao-do-triunfo-corpos-estao-sendo-velados-juntos","status":"publish","type":"post","link":"https:\/\/radiostudiow.com.br\/site\/2024\/10\/28\/jovens-sao-encontrados-mortos-em-sao-joao-do-triunfo-corpos-estao-sendo-velados-juntos\/","title":{"rendered":"Jovens s\u00e3o encontrados mortos em S\u00e3o Jo\u00e3o do Triunfo. Corpos est\u00e3o sendo velados juntos"},"content":{"rendered":"\n<p>O Corpo de Bombeiros de S\u00e3o Mateus do Sul realizou neste domingo (27), uma opera\u00e7\u00e3o de resgate ap\u00f3s a localiza\u00e7\u00e3o de um ve\u00edculo submerso no Arroio Coxilh\u00e3o das Amexeiras. A a\u00e7\u00e3o foi desencadeada por um chamado recebido no dia anterior, quando familiares de dois jovens desaparecidos encontraram vest\u00edgios de um carro na Ponte Torta.<\/p>\n\n\n\n<figure class=\"wp-block-image size-full\"><img loading=\"lazy\" decoding=\"async\" width=\"897\" height=\"204\" src=\"https:\/\/radiostudiow.com.br\/site\/wp-content\/uploads\/2024\/04\/image-38.png\" alt=\"\" class=\"wp-image-21308\" srcset=\"https:\/\/radiostudiow.com.br\/site\/wp-content\/uploads\/2024\/04\/image-38.png 897w, https:\/\/radiostudiow.com.br\/site\/wp-content\/uploads\/2024\/04\/image-38-300x68.png 300w, https:\/\/radiostudiow.com.br\/site\/wp-content\/uploads\/2024\/04\/image-38-768x175.png 768w\" sizes=\"auto, (max-width: 897px) 100vw, 897px\" \/><\/figure>\n\n\n\n<p>Ao chegarem ao local, os bombeiros constataram ind\u00edcios de que o ve\u00edculo havia sa\u00eddo da pista, com partes do carro vis\u00edveis nas margens da estrada rural. Uma das v\u00edtimas, o passageiro estava no banco da frente de cinto e o outro, condutor, estava sem cinto atravessado entre o banco da frente e o de tr\u00e1s.<\/p>\n\n\n\n<p>Ao todo, cinco bombeiros trabalharam na ocorr\u00eancia. O Instituto M\u00e9dico Legal (IML) foi notificado e estava a caminho do local para dar prosseguimento aos procedimentos necess\u00e1rios. Os jovens estariam desaparecidos desde a noite de sexta-feira (25).<\/p>\n\n\n\n<p>Os corpos de&nbsp;<strong>Edivaldo Ferreira Varchacki, de 20 anos e Almir Renan Rosa de Lima, de 14 anos<\/strong>, est\u00e3o sendo velados no barrac\u00e3o da Igreja Cat\u00f3lica de Cochilh\u00e3o das Ameixeiras, interior de S\u00e3o Jo\u00e3o do Triunfo. Haver\u00e1 missa na igreja \u00e0s 13h, seguindo para sepultamento \u00e0s 14h no cemit\u00e9rio da Col\u00f4nia Bromado.<\/p>\n\n\n\n<figure class=\"wp-block-image size-full\"><img loading=\"lazy\" decoding=\"async\" width=\"770\" height=\"770\" src=\"https:\/\/radiostudiow.com.br\/site\/wp-content\/uploads\/2024\/10\/image-63-edited.png\" alt=\"\" class=\"wp-image-29379\" srcset=\"https:\/\/radiostudiow.com.br\/site\/wp-content\/uploads\/2024\/10\/image-63-edited.png 770w, https:\/\/radiostudiow.com.br\/site\/wp-content\/uploads\/2024\/10\/image-63-edited-300x300.png 300w, https:\/\/radiostudiow.com.br\/site\/wp-content\/uploads\/2024\/10\/image-63-edited-768x768.png 768w, https:\/\/radiostudiow.com.br\/site\/wp-content\/uploads\/2024\/10\/image-63-edited-80x80.png 80w\" sizes=\"auto, (max-width: 770px) 100vw, 770px\" \/><\/figure>\n\n\n\n<p>Segundo a Pol\u00edcia Civil, em nota divulgada, eles deram in\u00edcio a investiga\u00e7\u00e3o do caso. De acordo com a nota, o caso encontra-se em fase inicial de apura\u00e7\u00e3o e, por isso, detalhes adicionais ser\u00e3o fornecidos posteriormente, conforme o avan\u00e7o das investiga\u00e7\u00f5es e a coleta de informa\u00e7\u00f5es relevantes. Qualquer novo dado de interesse p\u00fablico ser\u00e1 divulgado oportunamente por meio dos canais oficiais.<\/p>\n\n\n\n<p><strong><em>\u201cSentimos muito pela perda desses dois jovens. \u00c9 uma trag\u00e9dia que afeta n\u00e3o apenas suas fam\u00edlias, mas toda a comunidade. Vamos dedicar todos os nossos esfor\u00e7os para esclarecer as circunst\u00e2ncias desse caso e dar \u00e0s fam\u00edlias as respostas que merecem\u201d, declarou o delegado Mateus Gomes Santarelli.<\/em><\/strong><\/p>\n\n\n\n<p><em>Fonte: Portal Clic SulNews<\/em><\/p>\n","protected":false},"excerpt":{"rendered":"<p>O Corpo de Bombeiros de S\u00e3o Mateus do Sul realizou neste domingo (27), uma opera\u00e7\u00e3o de resgate ap\u00f3s a localiza\u00e7\u00e3o de um ve\u00edculo submerso no Arroio Coxilh\u00e3o das Amexeiras. A a\u00e7\u00e3o foi desencadeada por um chamado recebido no dia anterior, quando familiares de dois jovens desaparecidos encontraram vest\u00edgios de um carro na Ponte Torta. Ao [&hellip;]<\/p>\n","protected":false},"author":2,"featured_media":29377,"comment_status":"open","ping_status":"open","sticky":false,"template":"","format":"standard","meta":{"footnotes":""},"categories":[185],"tags":[172],"class_list":["post-29376","post","type-post","status-publish","format-standard","has-post-thumbnail","hentry","category-regional","tag-featured"],"amp_enabled":true,"_links":{"self":[{"href":"https:\/\/radiostudiow.com.br\/site\/wp-json\/wp\/v2\/posts\/29376","targetHints":{"allow":["GET"]}}],"collection":[{"href":"https:\/\/radiostudiow.com.br\/site\/wp-json\/wp\/v2\/posts"}],"about":[{"href":"https:\/\/radiostudiow.com.br\/site\/wp-json\/wp\/v2\/types\/post"}],"author":[{"embeddable":true,"href":"https:\/\/radiostudiow.com.br\/site\/wp-json\/wp\/v2\/users\/2"}],"replies":[{"embeddable":true,"href":"https:\/\/radiostudiow.com.br\/site\/wp-json\/wp\/v2\/comments?post=29376"}],"version-history":[{"count":2,"href":"https:\/\/radiostudiow.com.br\/site\/wp-json\/wp\/v2\/posts\/29376\/revisions"}],"predecessor-version":[{"id":29425,"href":"https:\/\/radiostudiow.com.br\/site\/wp-json\/wp\/v2\/posts\/29376\/revisions\/29425"}],"wp:featuredmedia":[{"embeddable":true,"href":"https:\/\/radiostudiow.com.br\/site\/wp-json\/wp\/v2\/media\/29377"}],"wp:attachment":[{"href":"https:\/\/radiostudiow.com.br\/site\/wp-json\/wp\/v2\/media?parent=29376"}],"wp:term":[{"taxonomy":"category","embeddable":true,"href":"https:\/\/radiostudiow.com.br\/site\/wp-json\/wp\/v2\/categories?post=29376"},{"taxonomy":"post_tag","embeddable":true,"href":"https:\/\/radiostudiow.com.br\/site\/wp-json\/wp\/v2\/tags?post=29376"}],"curies":[{"name":"wp","href":"https:\/\/api.w.org\/{rel}","templated":true}]}}