{"id":29381,"date":"2024-10-28T10:09:26","date_gmt":"2024-10-28T13:09:26","guid":{"rendered":"https:\/\/radiostudiow.com.br\/site\/?p=29381"},"modified":"2025-01-31T14:58:18","modified_gmt":"2025-01-31T17:58:18","slug":"mulher-aciona-policia-apos-ter-televisao-furtada-em-uniao-da-vitoria","status":"publish","type":"post","link":"https:\/\/radiostudiow.com.br\/site\/2024\/10\/28\/mulher-aciona-policia-apos-ter-televisao-furtada-em-uniao-da-vitoria\/","title":{"rendered":"Mulher aciona pol\u00edcia ap\u00f3s ter televis\u00e3o furtada em Uni\u00e3o da Vit\u00f3ria"},"content":{"rendered":"\n<p>A equipe da Pol\u00edcia Militar de Uni\u00e3o da Vit\u00f3ria foi acionada para prestar atendimento a uma ocorr\u00eancia de furto no bairro S\u00e3o Br\u00e1s por volta das 08:26 horas desse s\u00e1bado (26).<\/p>\n\n\n\n<figure class=\"wp-block-image size-large is-resized\"><img decoding=\"async\" src=\"https:\/\/radiostudiow.com.br\/site\/wp-content\/uploads\/2024\/10\/image-64-1024x1024.png\" alt=\"\" class=\"wp-image-29382\" style=\"width:389px;height:auto\"\/><\/figure>\n\n\n\n<p>No local os policiais entraram em contato com a solicitante, a qual relatou que durante a noite um indiv\u00edduo subtraiu uma televis\u00e3o do interior de sua resid\u00eancia. N\u00e3o sabendo informar mais detalhes sobre o autor.<\/p>\n\n\n\n<p>Diante dos fatos, a v\u00edtima foi orientada quanto aos procedimentos de Pol\u00edcia Judici\u00e1ria.<\/p>\n","protected":false},"excerpt":{"rendered":"<p>A equipe da Pol\u00edcia Militar de Uni\u00e3o da Vit\u00f3ria foi acionada para prestar atendimento a uma ocorr\u00eancia de furto no bairro S\u00e3o Br\u00e1s por volta das 08:26 horas desse s\u00e1bado (26). No local os policiais entraram em contato com a solicitante, a qual relatou que durante a noite um indiv\u00edduo subtraiu uma televis\u00e3o do interior [&hellip;]<\/p>\n","protected":false},"author":2,"featured_media":27487,"comment_status":"open","ping_status":"open","sticky":false,"template":"","format":"standard","meta":{"footnotes":""},"categories":[2],"tags":[172],"class_list":["post-29381","post","type-post","status-publish","format-standard","has-post-thumbnail","hentry","category-policial","tag-featured"],"amp_enabled":true,"_links":{"self":[{"href":"https:\/\/radiostudiow.com.br\/site\/wp-json\/wp\/v2\/posts\/29381","targetHints":{"allow":["GET"]}}],"collection":[{"href":"https:\/\/radiostudiow.com.br\/site\/wp-json\/wp\/v2\/posts"}],"about":[{"href":"https:\/\/radiostudiow.com.br\/site\/wp-json\/wp\/v2\/types\/post"}],"author":[{"embeddable":true,"href":"https:\/\/radiostudiow.com.br\/site\/wp-json\/wp\/v2\/users\/2"}],"replies":[{"embeddable":true,"href":"https:\/\/radiostudiow.com.br\/site\/wp-json\/wp\/v2\/comments?post=29381"}],"version-history":[{"count":1,"href":"https:\/\/radiostudiow.com.br\/site\/wp-json\/wp\/v2\/posts\/29381\/revisions"}],"predecessor-version":[{"id":29383,"href":"https:\/\/radiostudiow.com.br\/site\/wp-json\/wp\/v2\/posts\/29381\/revisions\/29383"}],"wp:featuredmedia":[{"embeddable":true,"href":"https:\/\/radiostudiow.com.br\/site\/wp-json\/wp\/v2\/media\/27487"}],"wp:attachment":[{"href":"https:\/\/radiostudiow.com.br\/site\/wp-json\/wp\/v2\/media?parent=29381"}],"wp:term":[{"taxonomy":"category","embeddable":true,"href":"https:\/\/radiostudiow.com.br\/site\/wp-json\/wp\/v2\/categories?post=29381"},{"taxonomy":"post_tag","embeddable":true,"href":"https:\/\/radiostudiow.com.br\/site\/wp-json\/wp\/v2\/tags?post=29381"}],"curies":[{"name":"wp","href":"https:\/\/api.w.org\/{rel}","templated":true}]}}