{"id":29396,"date":"2024-10-28T11:02:00","date_gmt":"2024-10-28T14:02:00","guid":{"rendered":"https:\/\/radiostudiow.com.br\/site\/?p=29396"},"modified":"2025-01-31T14:58:18","modified_gmt":"2025-01-31T17:58:18","slug":"policia-recupera-veiculo-que-havia-sido-furtado-em-uniao-da-vitoria","status":"publish","type":"post","link":"https:\/\/radiostudiow.com.br\/site\/2024\/10\/28\/policia-recupera-veiculo-que-havia-sido-furtado-em-uniao-da-vitoria\/","title":{"rendered":"Pol\u00edcia recupera ve\u00edculo que havia sido furtado em Uni\u00e3o da Vit\u00f3ria"},"content":{"rendered":"\n<p>A equipe da Pol\u00edcia Militar de Uni\u00e3o da Vit\u00f3ria realizava patrulhamento pelo bairro Rocio, por volta das 16:19 horas desse s\u00e1bado (26). Quando em uma regi\u00e3o pr\u00f3xima ao Rio Igua\u00e7u, avistou um homem na mata.<\/p>\n\n\n\n<figure class=\"wp-block-image size-full\"><img loading=\"lazy\" decoding=\"async\" width=\"897\" height=\"204\" src=\"https:\/\/radiostudiow.com.br\/site\/wp-content\/uploads\/2024\/08\/TIJOLAO.png\" alt=\"\" class=\"wp-image-25951\" srcset=\"https:\/\/radiostudiow.com.br\/site\/wp-content\/uploads\/2024\/08\/TIJOLAO.png 897w, https:\/\/radiostudiow.com.br\/site\/wp-content\/uploads\/2024\/08\/TIJOLAO-300x68.png 300w, https:\/\/radiostudiow.com.br\/site\/wp-content\/uploads\/2024\/08\/TIJOLAO-768x175.png 768w\" sizes=\"auto, (max-width: 897px) 100vw, 897px\" \/><\/figure>\n\n\n\n<p>Diante da situa\u00e7\u00e3o foi realizado a abordagem, em revista pessoal nada de il\u00edcito foi localizado com o abordado. Relatando a equipe policial que tinha conhecimento de um ve\u00edculo furtado na regi\u00e3o e ainda indicou o local onde estaria esse ve\u00edculo.<\/p>\n\n\n\n<p>Ap\u00f3s consulta no sistema de investiga\u00e7\u00e3o, o ve\u00edculo apresentava alerta de furto ocorrido nessa madrugada. Diante dos fatos o suspeito e o ve\u00edculo foram conduzidos at\u00e9 a 3\u00b0 central de flagrantes para provid\u00eancias.<\/p>\n","protected":false},"excerpt":{"rendered":"<p>A equipe da Pol\u00edcia Militar de Uni\u00e3o da Vit\u00f3ria realizava patrulhamento pelo bairro Rocio, por volta das 16:19 horas desse s\u00e1bado (26). Quando em uma regi\u00e3o pr\u00f3xima ao Rio Igua\u00e7u, avistou um homem na mata. Diante da situa\u00e7\u00e3o foi realizado a abordagem, em revista pessoal nada de il\u00edcito foi localizado com o abordado. Relatando a [&hellip;]<\/p>\n","protected":false},"author":2,"featured_media":29397,"comment_status":"open","ping_status":"open","sticky":false,"template":"","format":"standard","meta":{"footnotes":""},"categories":[2],"tags":[172],"class_list":["post-29396","post","type-post","status-publish","format-standard","has-post-thumbnail","hentry","category-policial","tag-featured"],"amp_enabled":true,"_links":{"self":[{"href":"https:\/\/radiostudiow.com.br\/site\/wp-json\/wp\/v2\/posts\/29396","targetHints":{"allow":["GET"]}}],"collection":[{"href":"https:\/\/radiostudiow.com.br\/site\/wp-json\/wp\/v2\/posts"}],"about":[{"href":"https:\/\/radiostudiow.com.br\/site\/wp-json\/wp\/v2\/types\/post"}],"author":[{"embeddable":true,"href":"https:\/\/radiostudiow.com.br\/site\/wp-json\/wp\/v2\/users\/2"}],"replies":[{"embeddable":true,"href":"https:\/\/radiostudiow.com.br\/site\/wp-json\/wp\/v2\/comments?post=29396"}],"version-history":[{"count":1,"href":"https:\/\/radiostudiow.com.br\/site\/wp-json\/wp\/v2\/posts\/29396\/revisions"}],"predecessor-version":[{"id":29398,"href":"https:\/\/radiostudiow.com.br\/site\/wp-json\/wp\/v2\/posts\/29396\/revisions\/29398"}],"wp:featuredmedia":[{"embeddable":true,"href":"https:\/\/radiostudiow.com.br\/site\/wp-json\/wp\/v2\/media\/29397"}],"wp:attachment":[{"href":"https:\/\/radiostudiow.com.br\/site\/wp-json\/wp\/v2\/media?parent=29396"}],"wp:term":[{"taxonomy":"category","embeddable":true,"href":"https:\/\/radiostudiow.com.br\/site\/wp-json\/wp\/v2\/categories?post=29396"},{"taxonomy":"post_tag","embeddable":true,"href":"https:\/\/radiostudiow.com.br\/site\/wp-json\/wp\/v2\/tags?post=29396"}],"curies":[{"name":"wp","href":"https:\/\/api.w.org\/{rel}","templated":true}]}}